{"id":9021,"date":"2022-01-18T20:01:05","date_gmt":"2022-01-18T19:01:05","guid":{"rendered":"https:\/\/misot.pl\/?p=9021"},"modified":"2022-01-18T20:06:30","modified_gmt":"2022-01-18T19:06:30","slug":"merytoryka-i-atmosfera-lokalny-zjazd-misot-w-janowie-podlaskim","status":"publish","type":"post","link":"https:\/\/misot.pl\/stary\/merytoryka-i-atmosfera-lokalny-zjazd-misot-w-janowie-podlaskim\/","title":{"rendered":"Merytoryka i atmosfera \u2013 Lokalny Zjazd Mi\u015aOT w Janowie Podlaskim"},"content":{"rendered":"<p><strong>Spotkania Mi\u015aOT-\u00f3w maj\u0105 swoj\u0105 mark\u0119. Uczestnicy ceni\u0105 je za mo\u017cliwo\u015b\u0107 spotka\u0144 w przyjaznym klimacie ze znajomymi z bran\u017cy, przedstawicielami organizacji bran\u017cowych, ekspertami i decydentami, a tak\u017ce za wysoki poziom debat i wyst\u0105pie\u0144. Nie inaczej b\u0119dzie 24-25 marca, na drugim Lokalnym Zje\u017adzie Mi\u015aOT w Janowie Podlaskim.\u00a0<\/strong><\/p>\n<p>&nbsp;<\/p>\n<p>Organizatorami wydarzenia s\u0105 Grupa Mi\u015aOT, KIKE i Fundacja Nasza Wizja.<strong>\u00a0<\/strong>Zapisy ruszy\u0142y 12 stycznia (<a href=\"https:\/\/misot.pl\/zjazd\/\">https:\/\/misot.pl\/zjazdy\/<\/a>) i ju\u017c w pierwszych dniach skorzysta\u0142o z nich kilkadziesi\u0105t os\u00f3b. Warto spieszy\u0107 si\u0119, bo ze wzgl\u0119du na formu\u0142\u0119 Lokalnych Zjazd\u00f3w Mi\u015aOT liczba miejsc na nich jest ograniczona.<\/p>\n<p>&nbsp;<\/p>\n<p>\u2013 Podzielenie naszych wydarze\u0144 na cztery mniejsze gwarantuje wi\u0119ksze bezpiecze\u0144stwo zdrowotne i lepsze dotarcie do lokalnych Mi\u015aOT-\u00f3w \u2013 podkre\u015bla\u00a0<strong>Krzysztof Fujarski<\/strong>, prezes sp\u00f3\u0142ki Projekt MdM, kt\u00f3ra jest producentem zjazdowego cyklu.<\/p>\n<p>&nbsp;<\/p>\n<p>Zjazdy odbywaj\u0105 si\u0119 w czterech lokalizacjach, gdy\u017c organizatorzy chc\u0105 dotrze\u0107 do jak najwi\u0119kszej liczby operator\u00f3w. Zale\u017cy im r\u00f3wnie\u017c by przedstawiciele Mi\u015aOT-\u00f3w nie musieli daleko podr\u00f3\u017cowa\u0107 na te wa\u017cne dla \u015brodowiska spotkania bran\u017cowe.<\/p>\n<p>&nbsp;<\/p>\n<p>W Janowie Podlaskim b\u0119dzie wi\u0119cej \u2013 w por\u00f3wnaniu do Bukowiny Tatrza\u0144skiej \u2013 wyk\u0142ad\u00f3w i debat. Wszystko zacznie si\u0119 w\u00a0<em><strong>dniu zero<\/strong><\/em>, czyli 23 marca. Na Podhalu organizatorzy zaproponowali w przededniu zjazdu tylko wieczorne Befor Party. Tym razem dobr\u0105 zabaw\u0119 poprzedzi kilkugodzinny bran\u017cowy Hyde Park, na kt\u00f3rym b\u0119dzie mo\u017cna praktycznie bez ogranicze\u0144 wygada\u0107 si\u0119, poruszaj\u0105c tematy wa\u017cne dla naszego sektora gospodarki i Mi\u015aOT-\u00f3w.<\/p>\n<p>&nbsp;<\/p>\n<p>W pierwszym dniu zjazdu g\u0142\u00f3wnymi tematami b\u0119d\u0105 zasady udost\u0119pnienia Mi\u015aOT-om akcji Mi\u015aOT SA, jak r\u00f3wnie\u017c prezentacja projekt\u00f3w Grupy Mi\u015aOT. KIKE zaprosi natomiast na dyskusje o aspektach prawnych wykorzystania s\u0142up\u00f3w energetycznych i op\u0142atach za pas drogowy. Emocje rozpali zapewne wszystko co zwi\u0105zane z Polskim \u0141adem i panel o inflacji, dro\u017cy\u017anie oraz pr\u00f3ba odpowiedzi na pytanie: czy pora podnie\u015b\u0107 ceny za us\u0142ugi operatorskie?<\/p>\n<p>&nbsp;<\/p>\n<p>Drugi dzie\u0144 dostarczy r\u00f3wnie\u017c sporo merytoryki \u2013 Fundacja Nasza Wizja zaproponuje blok \u201cCzy ju\u017c pora na Mi\u015aOT TV?\u201d. Uczestnicy Zjazdu dowiedz\u0105 si\u0119 jeszcze wi\u0119cej o projekcie \u201cPolska LoRaWAN w ka\u017cdym powiecie\u201d, cyberbezpiecze\u0144stwie operator\u00f3w i ich klient\u00f3w, komercyjnym rozwoju projektu MdO, Mi\u015aOT Akademii i Lokalni.pl. Nie zabraknie te\u017c prezentacji technicznych.<\/p>\n<p>&nbsp;<\/p>\n<p>\u2013 Gdy dodamy do tego wspania\u0142\u0105 atmosfer\u0119, wieczorn\u0105 gal\u0119, rozstrzygni\u0119cie konkursu TeleOdpowiedzialny Roku, to chyba ju\u017c nikogo nie trzeba zach\u0119ca\u0107 do udzia\u0142u w kolejnej edycji Lokalnego Zjazdu Mi\u015aOT. W Janowie Podlaskim po prostu trzeba by\u0107! \u2013 m\u00f3wi Krzysztof Fujarski.<\/p>\n<p>&nbsp;<\/p>\n<p>Na koniec przypominamy, \u017ce wej\u015bci\u00f3wki na listopadowy Lokalny Zjazd Mi\u015aOT w Bukowinie Tatrza\u0144skiej rozesz\u0142y si\u0119 w ci\u0105gu czterech tygodni w pierwszym progu cenowym. Prawie dwa miesi\u0105ce przed wydarzeniem organizatorzy musieli zakomunikowa\u0107: wszystko wyprzedane. Tak\u017ce i tym razem liczba uczestnik\u00f3w jest ograniczona, warto wi\u0119c zarejestrowa\u0107 si\u0119 ju\u017c\u00a0<a href=\"https:\/\/misot.pl\/zjazdy\/\" target=\"_blank\" rel=\"noreferrer noopener\">teraz<\/a>.<\/p>\n","protected":false},"excerpt":{"rendered":"<p>Spotkania Mi\u015aOT-\u00f3w maj\u0105 swoj\u0105 mark\u0119. Uczestnicy ceni\u0105 je za mo\u017cliwo\u015b\u0107 spotka\u0144 w przyjaznym klimacie ze znajomymi z bran\u017cy, przedstawicielami organizacji bran\u017cowych, ekspertami i decydentami, a tak\u017ce za wysoki poziom debat i wyst\u0105pie\u0144. Nie inaczej b\u0119dzie 24-25 marca, na drugim Lokalnym Zje\u017adzie Mi\u015aOT w Janowie Podlaskim.\u00a0 &nbsp; Organizatorami wydarzenia s\u0105 Grupa Mi\u015aOT, KIKE i Fundacja Nasza [&hellip;]<\/p>\n","protected":false},"author":5,"featured_media":9017,"comment_status":"open","ping_status":"open","sticky":false,"template":"","format":"standard","meta":{"fifu_image_url":"","fifu_image_alt":"","footnotes":""},"categories":[7],"tags":[],"class_list":["post-9021","post","type-post","status-publish","format-standard","has-post-thumbnail","hentry","category-aktualnosci"],"yoast_head":"<!-- This site is optimized with the Yoast SEO plugin v26.9 - https:\/\/yoast.com\/product\/yoast-seo-wordpress\/ -->\n<title>Merytoryka i atmosfera \u2013 Lokalny Zjazd Mi\u015aOT w Janowie Podlaskim - Mi\u015aOT<\/title>\n<meta name=\"robots\" content=\"index, follow, max-snippet:-1, max-image-preview:large, max-video-preview:-1\" \/>\n<link rel=\"canonical\" href=\"https:\/\/misot.pl\/stary\/merytoryka-i-atmosfera-lokalny-zjazd-misot-w-janowie-podlaskim\/\" \/>\n<meta property=\"og:locale\" content=\"pl_PL\" \/>\n<meta property=\"og:type\" content=\"article\" \/>\n<meta property=\"og:title\" content=\"Merytoryka i atmosfera \u2013 Lokalny Zjazd Mi\u015aOT w Janowie Podlaskim - Mi\u015aOT\" \/>\n<meta property=\"og:description\" content=\"Spotkania Mi\u015aOT-\u00f3w maj\u0105 swoj\u0105 mark\u0119. Uczestnicy ceni\u0105 je za mo\u017cliwo\u015b\u0107 spotka\u0144 w przyjaznym klimacie ze znajomymi z bran\u017cy, przedstawicielami organizacji bran\u017cowych, ekspertami i decydentami, a tak\u017ce za wysoki poziom debat i wyst\u0105pie\u0144. Nie inaczej b\u0119dzie 24-25 marca, na drugim Lokalnym Zje\u017adzie Mi\u015aOT w Janowie Podlaskim.\u00a0 &nbsp; Organizatorami wydarzenia s\u0105 Grupa Mi\u015aOT, KIKE i Fundacja Nasza [&hellip;]\" \/>\n<meta property=\"og:url\" content=\"https:\/\/misot.pl\/stary\/merytoryka-i-atmosfera-lokalny-zjazd-misot-w-janowie-podlaskim\/\" \/>\n<meta property=\"og:site_name\" content=\"Mi\u015aOT\" \/>\n<meta property=\"article:publisher\" content=\"https:\/\/www.facebook.com\/MiSOTpl\" \/>\n<meta property=\"article:published_time\" content=\"2022-01-18T19:01:05+00:00\" \/>\n<meta property=\"article:modified_time\" content=\"2022-01-18T19:06:30+00:00\" \/>\n<meta property=\"og:image\" content=\"https:\/\/misot.pl\/stary\/wp-content\/uploads\/2022\/01\/DSC08513.jpg\" \/>\n\t<meta property=\"og:image:width\" content=\"1280\" \/>\n\t<meta property=\"og:image:height\" content=\"853\" \/>\n\t<meta property=\"og:image:type\" content=\"image\/jpeg\" \/>\n<meta name=\"author\" content=\"Marcin Jedynak\" \/>\n<meta name=\"twitter:card\" content=\"summary_large_image\" \/>\n<meta name=\"twitter:label1\" content=\"Napisane przez\" \/>\n\t<meta name=\"twitter:data1\" content=\"Marcin Jedynak\" \/>\n\t<meta name=\"twitter:label2\" content=\"Szacowany czas czytania\" \/>\n\t<meta name=\"twitter:data2\" content=\"2 minuty\" \/>\n<script type=\"application\/ld+json\" class=\"yoast-schema-graph\">{\"@context\":\"https:\/\/schema.org\",\"@graph\":[{\"@type\":\"Article\",\"@id\":\"https:\/\/misot.pl\/stary\/merytoryka-i-atmosfera-lokalny-zjazd-misot-w-janowie-podlaskim\/#article\",\"isPartOf\":{\"@id\":\"https:\/\/misot.pl\/stary\/merytoryka-i-atmosfera-lokalny-zjazd-misot-w-janowie-podlaskim\/\"},\"author\":{\"name\":\"Marcin Jedynak\",\"@id\":\"https:\/\/misot.pl\/stary\/#\/schema\/person\/c8252a91561fdcc2bb341d698ee3cf8b\"},\"headline\":\"Merytoryka i atmosfera \u2013 Lokalny Zjazd Mi\u015aOT w Janowie Podlaskim\",\"datePublished\":\"2022-01-18T19:01:05+00:00\",\"dateModified\":\"2022-01-18T19:06:30+00:00\",\"mainEntityOfPage\":{\"@id\":\"https:\/\/misot.pl\/stary\/merytoryka-i-atmosfera-lokalny-zjazd-misot-w-janowie-podlaskim\/\"},\"wordCount\":507,\"commentCount\":0,\"publisher\":{\"@id\":\"https:\/\/misot.pl\/stary\/#organization\"},\"image\":{\"@id\":\"https:\/\/misot.pl\/stary\/merytoryka-i-atmosfera-lokalny-zjazd-misot-w-janowie-podlaskim\/#primaryimage\"},\"thumbnailUrl\":\"https:\/\/misot.pl\/stary\/wp-content\/uploads\/2022\/01\/DSC08513.jpg\",\"articleSection\":[\"Aktualno\u015bci\"],\"inLanguage\":\"pl-PL\",\"potentialAction\":[{\"@type\":\"CommentAction\",\"name\":\"Comment\",\"target\":[\"https:\/\/misot.pl\/stary\/merytoryka-i-atmosfera-lokalny-zjazd-misot-w-janowie-podlaskim\/#respond\"]}]},{\"@type\":\"WebPage\",\"@id\":\"https:\/\/misot.pl\/stary\/merytoryka-i-atmosfera-lokalny-zjazd-misot-w-janowie-podlaskim\/\",\"url\":\"https:\/\/misot.pl\/stary\/merytoryka-i-atmosfera-lokalny-zjazd-misot-w-janowie-podlaskim\/\",\"name\":\"Merytoryka i atmosfera \u2013 Lokalny Zjazd Mi\u015aOT w Janowie Podlaskim - Mi\u015aOT\",\"isPartOf\":{\"@id\":\"https:\/\/misot.pl\/stary\/#website\"},\"primaryImageOfPage\":{\"@id\":\"https:\/\/misot.pl\/stary\/merytoryka-i-atmosfera-lokalny-zjazd-misot-w-janowie-podlaskim\/#primaryimage\"},\"image\":{\"@id\":\"https:\/\/misot.pl\/stary\/merytoryka-i-atmosfera-lokalny-zjazd-misot-w-janowie-podlaskim\/#primaryimage\"},\"thumbnailUrl\":\"https:\/\/misot.pl\/stary\/wp-content\/uploads\/2022\/01\/DSC08513.jpg\",\"datePublished\":\"2022-01-18T19:01:05+00:00\",\"dateModified\":\"2022-01-18T19:06:30+00:00\",\"breadcrumb\":{\"@id\":\"https:\/\/misot.pl\/stary\/merytoryka-i-atmosfera-lokalny-zjazd-misot-w-janowie-podlaskim\/#breadcrumb\"},\"inLanguage\":\"pl-PL\",\"potentialAction\":[{\"@type\":\"ReadAction\",\"target\":[\"https:\/\/misot.pl\/stary\/merytoryka-i-atmosfera-lokalny-zjazd-misot-w-janowie-podlaskim\/\"]}]},{\"@type\":\"ImageObject\",\"inLanguage\":\"pl-PL\",\"@id\":\"https:\/\/misot.pl\/stary\/merytoryka-i-atmosfera-lokalny-zjazd-misot-w-janowie-podlaskim\/#primaryimage\",\"url\":\"https:\/\/misot.pl\/stary\/wp-content\/uploads\/2022\/01\/DSC08513.jpg\",\"contentUrl\":\"https:\/\/misot.pl\/stary\/wp-content\/uploads\/2022\/01\/DSC08513.jpg\",\"width\":1280,\"height\":853},{\"@type\":\"BreadcrumbList\",\"@id\":\"https:\/\/misot.pl\/stary\/merytoryka-i-atmosfera-lokalny-zjazd-misot-w-janowie-podlaskim\/#breadcrumb\",\"itemListElement\":[{\"@type\":\"ListItem\",\"position\":1,\"name\":\"Strona g\u0142\u00f3wna\",\"item\":\"https:\/\/misot.pl\/stary\/\"},{\"@type\":\"ListItem\",\"position\":2,\"name\":\"Merytoryka i atmosfera \u2013 Lokalny Zjazd Mi\u015aOT w Janowie Podlaskim\"}]},{\"@type\":\"WebSite\",\"@id\":\"https:\/\/misot.pl\/stary\/#website\",\"url\":\"https:\/\/misot.pl\/stary\/\",\"name\":\"Mi\u015aOT\",\"description\":\"\u0141\u0105czymy lokalnie\",\"publisher\":{\"@id\":\"https:\/\/misot.pl\/stary\/#organization\"},\"potentialAction\":[{\"@type\":\"SearchAction\",\"target\":{\"@type\":\"EntryPoint\",\"urlTemplate\":\"https:\/\/misot.pl\/stary\/?s={search_term_string}\"},\"query-input\":{\"@type\":\"PropertyValueSpecification\",\"valueRequired\":true,\"valueName\":\"search_term_string\"}}],\"inLanguage\":\"pl-PL\"},{\"@type\":\"Organization\",\"@id\":\"https:\/\/misot.pl\/stary\/#organization\",\"name\":\"Mi\u015aOT\",\"url\":\"https:\/\/misot.pl\/stary\/\",\"logo\":{\"@type\":\"ImageObject\",\"inLanguage\":\"pl-PL\",\"@id\":\"https:\/\/misot.pl\/stary\/#\/schema\/logo\/image\/\",\"url\":\"https:\/\/misot.pl\/wp-content\/uploads\/2026\/01\/grupa-misot-tla-jasne.png\",\"contentUrl\":\"https:\/\/misot.pl\/wp-content\/uploads\/2026\/01\/grupa-misot-tla-jasne.png\",\"width\":1320,\"height\":743,\"caption\":\"Mi\u015aOT\"},\"image\":{\"@id\":\"https:\/\/misot.pl\/stary\/#\/schema\/logo\/image\/\"},\"sameAs\":[\"https:\/\/www.facebook.com\/MiSOTpl\",\"https:\/\/www.youtube.com\/channel\/UCCjxl2ju4z8-aQLY4cErc0w\",\"https:\/\/www.linkedin.com\/company\/grupa-miot\/\"]},{\"@type\":\"Person\",\"@id\":\"https:\/\/misot.pl\/stary\/#\/schema\/person\/c8252a91561fdcc2bb341d698ee3cf8b\",\"name\":\"Marcin Jedynak\",\"image\":{\"@type\":\"ImageObject\",\"inLanguage\":\"pl-PL\",\"@id\":\"https:\/\/misot.pl\/stary\/#\/schema\/person\/image\/\",\"url\":\"https:\/\/secure.gravatar.com\/avatar\/b150ec1521bf70ce2c0ae52a574ab13dbadd2cd95d5b5563039e5c50235d024a?s=96&d=mm&r=g\",\"contentUrl\":\"https:\/\/secure.gravatar.com\/avatar\/b150ec1521bf70ce2c0ae52a574ab13dbadd2cd95d5b5563039e5c50235d024a?s=96&d=mm&r=g\",\"caption\":\"Marcin Jedynak\"},\"url\":\"https:\/\/misot.pl\/stary\/author\/marcin\/\"}]}<\/script>\n<!-- \/ Yoast SEO plugin. -->","yoast_head_json":{"title":"Merytoryka i atmosfera \u2013 Lokalny Zjazd Mi\u015aOT w Janowie Podlaskim - Mi\u015aOT","robots":{"index":"index","follow":"follow","max-snippet":"max-snippet:-1","max-image-preview":"max-image-preview:large","max-video-preview":"max-video-preview:-1"},"canonical":"https:\/\/misot.pl\/stary\/merytoryka-i-atmosfera-lokalny-zjazd-misot-w-janowie-podlaskim\/","og_locale":"pl_PL","og_type":"article","og_title":"Merytoryka i atmosfera \u2013 Lokalny Zjazd Mi\u015aOT w Janowie Podlaskim - Mi\u015aOT","og_description":"Spotkania Mi\u015aOT-\u00f3w maj\u0105 swoj\u0105 mark\u0119. Uczestnicy ceni\u0105 je za mo\u017cliwo\u015b\u0107 spotka\u0144 w przyjaznym klimacie ze znajomymi z bran\u017cy, przedstawicielami organizacji bran\u017cowych, ekspertami i decydentami, a tak\u017ce za wysoki poziom debat i wyst\u0105pie\u0144. Nie inaczej b\u0119dzie 24-25 marca, na drugim Lokalnym Zje\u017adzie Mi\u015aOT w Janowie Podlaskim.\u00a0 &nbsp; Organizatorami wydarzenia s\u0105 Grupa Mi\u015aOT, KIKE i Fundacja Nasza [&hellip;]","og_url":"https:\/\/misot.pl\/stary\/merytoryka-i-atmosfera-lokalny-zjazd-misot-w-janowie-podlaskim\/","og_site_name":"Mi\u015aOT","article_publisher":"https:\/\/www.facebook.com\/MiSOTpl","article_published_time":"2022-01-18T19:01:05+00:00","article_modified_time":"2022-01-18T19:06:30+00:00","og_image":[{"width":1280,"height":853,"url":"https:\/\/misot.pl\/stary\/wp-content\/uploads\/2022\/01\/DSC08513.jpg","type":"image\/jpeg"}],"author":"Marcin Jedynak","twitter_card":"summary_large_image","twitter_misc":{"Napisane przez":"Marcin Jedynak","Szacowany czas czytania":"2 minuty"},"schema":{"@context":"https:\/\/schema.org","@graph":[{"@type":"Article","@id":"https:\/\/misot.pl\/stary\/merytoryka-i-atmosfera-lokalny-zjazd-misot-w-janowie-podlaskim\/#article","isPartOf":{"@id":"https:\/\/misot.pl\/stary\/merytoryka-i-atmosfera-lokalny-zjazd-misot-w-janowie-podlaskim\/"},"author":{"name":"Marcin Jedynak","@id":"https:\/\/misot.pl\/stary\/#\/schema\/person\/c8252a91561fdcc2bb341d698ee3cf8b"},"headline":"Merytoryka i atmosfera \u2013 Lokalny Zjazd Mi\u015aOT w Janowie Podlaskim","datePublished":"2022-01-18T19:01:05+00:00","dateModified":"2022-01-18T19:06:30+00:00","mainEntityOfPage":{"@id":"https:\/\/misot.pl\/stary\/merytoryka-i-atmosfera-lokalny-zjazd-misot-w-janowie-podlaskim\/"},"wordCount":507,"commentCount":0,"publisher":{"@id":"https:\/\/misot.pl\/stary\/#organization"},"image":{"@id":"https:\/\/misot.pl\/stary\/merytoryka-i-atmosfera-lokalny-zjazd-misot-w-janowie-podlaskim\/#primaryimage"},"thumbnailUrl":"https:\/\/misot.pl\/stary\/wp-content\/uploads\/2022\/01\/DSC08513.jpg","articleSection":["Aktualno\u015bci"],"inLanguage":"pl-PL","potentialAction":[{"@type":"CommentAction","name":"Comment","target":["https:\/\/misot.pl\/stary\/merytoryka-i-atmosfera-lokalny-zjazd-misot-w-janowie-podlaskim\/#respond"]}]},{"@type":"WebPage","@id":"https:\/\/misot.pl\/stary\/merytoryka-i-atmosfera-lokalny-zjazd-misot-w-janowie-podlaskim\/","url":"https:\/\/misot.pl\/stary\/merytoryka-i-atmosfera-lokalny-zjazd-misot-w-janowie-podlaskim\/","name":"Merytoryka i atmosfera \u2013 Lokalny Zjazd Mi\u015aOT w Janowie Podlaskim - Mi\u015aOT","isPartOf":{"@id":"https:\/\/misot.pl\/stary\/#website"},"primaryImageOfPage":{"@id":"https:\/\/misot.pl\/stary\/merytoryka-i-atmosfera-lokalny-zjazd-misot-w-janowie-podlaskim\/#primaryimage"},"image":{"@id":"https:\/\/misot.pl\/stary\/merytoryka-i-atmosfera-lokalny-zjazd-misot-w-janowie-podlaskim\/#primaryimage"},"thumbnailUrl":"https:\/\/misot.pl\/stary\/wp-content\/uploads\/2022\/01\/DSC08513.jpg","datePublished":"2022-01-18T19:01:05+00:00","dateModified":"2022-01-18T19:06:30+00:00","breadcrumb":{"@id":"https:\/\/misot.pl\/stary\/merytoryka-i-atmosfera-lokalny-zjazd-misot-w-janowie-podlaskim\/#breadcrumb"},"inLanguage":"pl-PL","potentialAction":[{"@type":"ReadAction","target":["https:\/\/misot.pl\/stary\/merytoryka-i-atmosfera-lokalny-zjazd-misot-w-janowie-podlaskim\/"]}]},{"@type":"ImageObject","inLanguage":"pl-PL","@id":"https:\/\/misot.pl\/stary\/merytoryka-i-atmosfera-lokalny-zjazd-misot-w-janowie-podlaskim\/#primaryimage","url":"https:\/\/misot.pl\/stary\/wp-content\/uploads\/2022\/01\/DSC08513.jpg","contentUrl":"https:\/\/misot.pl\/stary\/wp-content\/uploads\/2022\/01\/DSC08513.jpg","width":1280,"height":853},{"@type":"BreadcrumbList","@id":"https:\/\/misot.pl\/stary\/merytoryka-i-atmosfera-lokalny-zjazd-misot-w-janowie-podlaskim\/#breadcrumb","itemListElement":[{"@type":"ListItem","position":1,"name":"Strona g\u0142\u00f3wna","item":"https:\/\/misot.pl\/stary\/"},{"@type":"ListItem","position":2,"name":"Merytoryka i atmosfera \u2013 Lokalny Zjazd Mi\u015aOT w Janowie Podlaskim"}]},{"@type":"WebSite","@id":"https:\/\/misot.pl\/stary\/#website","url":"https:\/\/misot.pl\/stary\/","name":"Mi\u015aOT","description":"\u0141\u0105czymy lokalnie","publisher":{"@id":"https:\/\/misot.pl\/stary\/#organization"},"potentialAction":[{"@type":"SearchAction","target":{"@type":"EntryPoint","urlTemplate":"https:\/\/misot.pl\/stary\/?s={search_term_string}"},"query-input":{"@type":"PropertyValueSpecification","valueRequired":true,"valueName":"search_term_string"}}],"inLanguage":"pl-PL"},{"@type":"Organization","@id":"https:\/\/misot.pl\/stary\/#organization","name":"Mi\u015aOT","url":"https:\/\/misot.pl\/stary\/","logo":{"@type":"ImageObject","inLanguage":"pl-PL","@id":"https:\/\/misot.pl\/stary\/#\/schema\/logo\/image\/","url":"https:\/\/misot.pl\/wp-content\/uploads\/2026\/01\/grupa-misot-tla-jasne.png","contentUrl":"https:\/\/misot.pl\/wp-content\/uploads\/2026\/01\/grupa-misot-tla-jasne.png","width":1320,"height":743,"caption":"Mi\u015aOT"},"image":{"@id":"https:\/\/misot.pl\/stary\/#\/schema\/logo\/image\/"},"sameAs":["https:\/\/www.facebook.com\/MiSOTpl","https:\/\/www.youtube.com\/channel\/UCCjxl2ju4z8-aQLY4cErc0w","https:\/\/www.linkedin.com\/company\/grupa-miot\/"]},{"@type":"Person","@id":"https:\/\/misot.pl\/stary\/#\/schema\/person\/c8252a91561fdcc2bb341d698ee3cf8b","name":"Marcin Jedynak","image":{"@type":"ImageObject","inLanguage":"pl-PL","@id":"https:\/\/misot.pl\/stary\/#\/schema\/person\/image\/","url":"https:\/\/secure.gravatar.com\/avatar\/b150ec1521bf70ce2c0ae52a574ab13dbadd2cd95d5b5563039e5c50235d024a?s=96&d=mm&r=g","contentUrl":"https:\/\/secure.gravatar.com\/avatar\/b150ec1521bf70ce2c0ae52a574ab13dbadd2cd95d5b5563039e5c50235d024a?s=96&d=mm&r=g","caption":"Marcin Jedynak"},"url":"https:\/\/misot.pl\/stary\/author\/marcin\/"}]}},"_links":{"self":[{"href":"https:\/\/misot.pl\/stary\/wp-json\/wp\/v2\/posts\/9021","targetHints":{"allow":["GET"]}}],"collection":[{"href":"https:\/\/misot.pl\/stary\/wp-json\/wp\/v2\/posts"}],"about":[{"href":"https:\/\/misot.pl\/stary\/wp-json\/wp\/v2\/types\/post"}],"author":[{"embeddable":true,"href":"https:\/\/misot.pl\/stary\/wp-json\/wp\/v2\/users\/5"}],"replies":[{"embeddable":true,"href":"https:\/\/misot.pl\/stary\/wp-json\/wp\/v2\/comments?post=9021"}],"version-history":[{"count":4,"href":"https:\/\/misot.pl\/stary\/wp-json\/wp\/v2\/posts\/9021\/revisions"}],"predecessor-version":[{"id":9029,"href":"https:\/\/misot.pl\/stary\/wp-json\/wp\/v2\/posts\/9021\/revisions\/9029"}],"wp:featuredmedia":[{"embeddable":true,"href":"https:\/\/misot.pl\/stary\/wp-json\/wp\/v2\/media\/9017"}],"wp:attachment":[{"href":"https:\/\/misot.pl\/stary\/wp-json\/wp\/v2\/media?parent=9021"}],"wp:term":[{"taxonomy":"category","embeddable":true,"href":"https:\/\/misot.pl\/stary\/wp-json\/wp\/v2\/categories?post=9021"},{"taxonomy":"post_tag","embeddable":true,"href":"https:\/\/misot.pl\/stary\/wp-json\/wp\/v2\/tags?post=9021"}],"curies":[{"name":"wp","href":"https:\/\/api.w.org\/{rel}","templated":true}]}}