{"id":6959,"date":"2021-11-08T18:49:05","date_gmt":"2021-11-08T17:49:05","guid":{"rendered":"https:\/\/misot.pl\/?p=6959"},"modified":"2021-11-10T17:11:51","modified_gmt":"2021-11-10T16:11:51","slug":"zjazd-misot-wiedza-i-rozwoj","status":"publish","type":"post","link":"https:\/\/misot.pl\/stary\/zjazd-misot-wiedza-i-rozwoj\/","title":{"rendered":"Zjazd Mi\u015aOT \u2013 wiedza i rozw\u00f3j"},"content":{"rendered":"<p><strong>Wype\u0142niona wa\u017cnymi tematami <a style=\"text-decoration: underline;\" href=\"https:\/\/misot.pl\/zjazd_agenda\/\">AGENDA<\/a> zbli\u017caj\u0105cego si\u0119 Zjazdu Mi\u015aOT sprawi, \u017ce uczestnicy tego wydarzenia zdob\u0119d\u0105 konkretn\u0105 merytoryczn\u0105 wiedz\u0119. Prawo, finanse, prowadzenie biznesu, analizy zwi\u0105zane z aktualn\u0105 sytuacj\u0105 w bran\u017cy i gospodarce, akcje i projekty Grupy Mi\u015aOT \u2013 om\u00f3wienie wszystkich tych temat\u00f3w z perspektywy ma\u0142ych i \u015brednich operator\u00f3w telekomunikacyjnych pomo\u017ce im w podejmowaniu optymalnych decyzji biznesowych.<\/strong><\/p>\n<p>&nbsp;<\/p>\n<p>Cho\u0107 wielu uczestnik\u00f3w nastawia si\u0119 przede wszystkim na indywidualne spotkania i rozmowy w pi\u0119knych okoliczno\u015bciach przyrody, jest niemal pewne, \u017ce wiele godzin sp\u0119dzi te\u017c na salach wyk\u0142adowych i warsztatach.<\/p>\n<p>&nbsp;<\/p>\n<p><strong>Cyberbezpiecze\u0144stwo<\/strong><\/p>\n<p>Pierwszy dzie\u0144 rozpocznie panel dyskusyjny na temat bezpiecze\u0144stwa sieci. Staje si\u0119 ono kluczowe dla operator\u00f3w i ich klient\u00f3w, cz\u0119sto decyduje te\u017c przewadze konkurencyjnej. Jak je zapewni\u0107 w czasach, gdy r\u00f3wnie\u017c cyberprzest\u0119pcy rozwijaj\u0105 swoje umiej\u0119tno\u015bci i narz\u0119dzia? Opowiedz\u0105 o tym specjali\u015bci Grupy Mi\u015aOT Maciej Linscheid, Marcin Zem\u0142a oraz \u0141ukasz Baza\u0144ski z kancelarii itbLegal. Poruszona zostanie tak\u017ce problematyka zar\u00f3wno ustawy o krajowym systemie cyberbezpiecze\u0144stwa, jak i rozwi\u0105za\u0144 praktycznych.<\/p>\n<p>&nbsp;<\/p>\n<p><strong>EPIX<\/strong><\/p>\n<p>Tak\u017ce pierwszego dnia dowiemy si\u0119 jak rozwija si\u0119 najwi\u0119kszy w\u0119ze\u0142 wymiany ruchu IXP w Polsce i co zyskuj\u0105 MiSOT-y wsp\u00f3\u0142pracuj\u0105ce z EPIX. Wzajemne zaufanie, zadowolenie, brak korporacyjnych utrudnie\u0144, op\u00f3\u017anie\u0144 oraz niepotrzebnych koszt\u00f3w sta\u0142y si\u0119 ju\u017c norm\u0105, ale to podobno nie koniec. O nowo\u015bciach opowie Krzysztof Czuszek.<\/p>\n<p>&nbsp;<\/p>\n<p><strong>LoRaWAN<\/strong><\/p>\n<p>Grupa Mi\u015aOT rozpocz\u0119\u0142a tak\u017ce projekt, kt\u00f3rego celem jest budowa og\u00f3lnopolskiej sieci LoRaWAN poprzez wykorzystanie lokalizacji i potencja\u0142u ma\u0142ych i \u015brednich operator\u00f3w telekomunikacyjnych. Popularyzacja tego rozwi\u0105zania pozwoli na oferowanie przez\u00a0operator\u00f3w nowych produkt\u00f3w dla biznesu, administracji i klient\u00f3w indywidualnych. Inne projekty zostan\u0105 tak\u017ce przedstawione drugiego dnia konferencji.<\/p>\n<p>&nbsp;<\/p>\n<p><strong>Pieni\u0105dze<\/strong><\/p>\n<p>Popo\u0142udnie pierwszego dnia konferencji po\u015bwi\u0119cone b\u0119dzie finansom i prowadzeniu biznesu. Krzysztof Zawadzki, \u0141ukasz Baza\u0144ski i Sebastian Kachel b\u0119d\u0105 uczestnikami panelu dyskusyjnego\u00a0<em>Wyzwania finansowe, niezdrowa konkurencja, niskie abonamenty a inflacja<\/em>. W czasach gdy inflacja na poziomie 6,8% sta\u0142a si\u0119 faktem, nie mo\u017cna jej bagatelizowa\u0107. Jednocze\u015bnie oczekiwania klient\u00f3w id\u0105 w kierunku taniej i szybciej. Jak pogodzi\u0107 te rzeczy i jakie mechanizmy uruchomi\u0107 by rosn\u0105ce koszty sta\u0142e nie zjad\u0142y ca\u0142ego przychodu z abonament\u00f3w?<\/p>\n<p>&nbsp;<\/p>\n<p><strong>Akcje Grupy Mi\u015aOT<\/strong><\/p>\n<p>Na czele grupy kapita\u0142owej utworzonej przez Stowarzyszenie e-Po\u0142udnie stoi obecnie Mi\u015aOT S.A. Ponad 61 proc. jej akcji trafi do operator\u00f3w, kt\u00f3rzy jednocze\u015bnie s\u0105 jej klientami. Rozpocz\u0119\u0142o si\u0119 ju\u017c udost\u0119pnianie tych walor\u00f3w. Najpierw swoj\u0105 pul\u0119 obejm\u0105 cz\u0142onkowie Stowarzyszenia e-Po\u0142udnie, o planach zwi\u0105zanych z kolejnym krokiem przekazywania papier\u00f3w warto\u015bciowych opowiedz\u0105 cz\u0142onkowie zarz\u0105du sp\u00f3\u0142ki.<\/p>\n<p>&nbsp;<\/p>\n<p><strong>KIKE<\/strong><\/p>\n<p>Drugiego dnia zjazdu w sali A od godziny 11.45 odb\u0119d\u0105 si\u0119 panele dyskusyjne Krajowej Izby Komunikacji Ethernetowej. R\u00f3wnolegle, od 11:30 w sali 2 odbywa\u0107 si\u0119 b\u0119dzie tak\u017ce warsztat\u00a0<em>Zawnioskuj o s\u0142upy energetyczne za 1,73 z\u0142<\/em>, kt\u00f3ry b\u0119d\u0105 prowadzi\u0107 prawnicy kancelarii itbLegal.<\/p>\n<p>Organizatorzy podkre\u015blaj\u0105 przy tym, \u017ce niezwykle wa\u017cna b\u0119dzie mo\u017cliwo\u015b\u0107 wys\u0142uchania zdania operator\u00f3w na wszystkie poruszone tematy, poznanie ich oczekiwa\u0144 i osobiste wymiana do\u015bwiadcze\u0144.<\/p>\n<p>Pe\u0142na agenda dost\u0119pna jest\u00a0<a href=\"https:\/\/misot.pl\/zjazd_agenda\/\" target=\"_blank\" rel=\"noreferrer noopener\">tutaj<\/a><\/p>\n<p>&nbsp;<\/p>\n<p><strong>Zapraszamy na kolejne zjazdy!<\/strong><\/p>\n<p>Lokalne spotkania w ma\u0142ym gronie to dzi\u015b tak\u017ce w naszym przekonaniu optymalna i bezpieczna formu\u0142a. Kolejne Zjazdy Mi\u015aOT planowane s\u0105 co kwarta\u0142 i zorganizowane b\u0119d\u0105 w nast\u0119puj\u0105cych rejonach: Centrum\/Zach\u00f3d (przewidywana data: pocz\u0105tek lutego 2022 r.), Wsch\u00f3d (wiosna 2022 r.) i P\u00f3\u0142noc (wiosna\/lato 2022 r.). Ich zwie\u0144czeniem b\u0119dzie og\u00f3lnopolska konferencja w formule, kt\u00f3r\u0105 znamy od lat.<\/p>\n","protected":false},"excerpt":{"rendered":"<p>Wype\u0142niona wa\u017cnymi tematami AGENDA zbli\u017caj\u0105cego si\u0119 Zjazdu Mi\u015aOT sprawi, \u017ce uczestnicy tego wydarzenia zdob\u0119d\u0105 konkretn\u0105 merytoryczn\u0105 wiedz\u0119. Prawo, finanse, prowadzenie biznesu, analizy zwi\u0105zane z aktualn\u0105 sytuacj\u0105 w bran\u017cy i gospodarce, akcje i projekty Grupy Mi\u015aOT \u2013 om\u00f3wienie wszystkich tych temat\u00f3w z perspektywy ma\u0142ych i \u015brednich operator\u00f3w telekomunikacyjnych pomo\u017ce im w podejmowaniu optymalnych decyzji biznesowych. &nbsp; [&hellip;]<\/p>\n","protected":false},"author":5,"featured_media":6960,"comment_status":"open","ping_status":"open","sticky":false,"template":"","format":"standard","meta":{"fifu_image_url":"","fifu_image_alt":"","footnotes":""},"categories":[7],"tags":[],"class_list":["post-6959","post","type-post","status-publish","format-standard","has-post-thumbnail","hentry","category-aktualnosci"],"yoast_head":"<!-- This site is optimized with the Yoast SEO plugin v26.9 - https:\/\/yoast.com\/product\/yoast-seo-wordpress\/ -->\n<title>Zjazd Mi\u015aOT \u2013 wiedza i rozw\u00f3j - Mi\u015aOT<\/title>\n<meta name=\"robots\" content=\"index, follow, max-snippet:-1, max-image-preview:large, max-video-preview:-1\" \/>\n<link rel=\"canonical\" href=\"https:\/\/misot.pl\/stary\/zjazd-misot-wiedza-i-rozwoj\/\" \/>\n<meta property=\"og:locale\" content=\"pl_PL\" \/>\n<meta property=\"og:type\" content=\"article\" \/>\n<meta property=\"og:title\" content=\"Zjazd Mi\u015aOT \u2013 wiedza i rozw\u00f3j - Mi\u015aOT\" \/>\n<meta property=\"og:description\" content=\"Wype\u0142niona wa\u017cnymi tematami AGENDA zbli\u017caj\u0105cego si\u0119 Zjazdu Mi\u015aOT sprawi, \u017ce uczestnicy tego wydarzenia zdob\u0119d\u0105 konkretn\u0105 merytoryczn\u0105 wiedz\u0119. Prawo, finanse, prowadzenie biznesu, analizy zwi\u0105zane z aktualn\u0105 sytuacj\u0105 w bran\u017cy i gospodarce, akcje i projekty Grupy Mi\u015aOT \u2013 om\u00f3wienie wszystkich tych temat\u00f3w z perspektywy ma\u0142ych i \u015brednich operator\u00f3w telekomunikacyjnych pomo\u017ce im w podejmowaniu optymalnych decyzji biznesowych. &nbsp; [&hellip;]\" \/>\n<meta property=\"og:url\" content=\"https:\/\/misot.pl\/stary\/zjazd-misot-wiedza-i-rozwoj\/\" \/>\n<meta property=\"og:site_name\" content=\"Mi\u015aOT\" \/>\n<meta property=\"article:publisher\" content=\"https:\/\/www.facebook.com\/MiSOTpl\" \/>\n<meta property=\"article:published_time\" content=\"2021-11-08T17:49:05+00:00\" \/>\n<meta property=\"article:modified_time\" content=\"2021-11-10T16:11:51+00:00\" \/>\n<meta property=\"og:image\" content=\"https:\/\/misot.pl\/stary\/wp-content\/uploads\/2021\/11\/02-org-1024x576-1.jpg\" \/>\n\t<meta property=\"og:image:width\" content=\"1024\" \/>\n\t<meta property=\"og:image:height\" content=\"576\" \/>\n\t<meta property=\"og:image:type\" content=\"image\/jpeg\" \/>\n<meta name=\"author\" content=\"Marcin Jedynak\" \/>\n<meta name=\"twitter:card\" content=\"summary_large_image\" \/>\n<meta name=\"twitter:label1\" content=\"Napisane przez\" \/>\n\t<meta name=\"twitter:data1\" content=\"Marcin Jedynak\" \/>\n\t<meta name=\"twitter:label2\" content=\"Szacowany czas czytania\" \/>\n\t<meta name=\"twitter:data2\" content=\"3 minuty\" \/>\n<script type=\"application\/ld+json\" class=\"yoast-schema-graph\">{\"@context\":\"https:\/\/schema.org\",\"@graph\":[{\"@type\":\"Article\",\"@id\":\"https:\/\/misot.pl\/stary\/zjazd-misot-wiedza-i-rozwoj\/#article\",\"isPartOf\":{\"@id\":\"https:\/\/misot.pl\/stary\/zjazd-misot-wiedza-i-rozwoj\/\"},\"author\":{\"name\":\"Marcin Jedynak\",\"@id\":\"https:\/\/misot.pl\/stary\/#\/schema\/person\/c8252a91561fdcc2bb341d698ee3cf8b\"},\"headline\":\"Zjazd Mi\u015aOT \u2013 wiedza i rozw\u00f3j\",\"datePublished\":\"2021-11-08T17:49:05+00:00\",\"dateModified\":\"2021-11-10T16:11:51+00:00\",\"mainEntityOfPage\":{\"@id\":\"https:\/\/misot.pl\/stary\/zjazd-misot-wiedza-i-rozwoj\/\"},\"wordCount\":630,\"commentCount\":0,\"publisher\":{\"@id\":\"https:\/\/misot.pl\/stary\/#organization\"},\"image\":{\"@id\":\"https:\/\/misot.pl\/stary\/zjazd-misot-wiedza-i-rozwoj\/#primaryimage\"},\"thumbnailUrl\":\"https:\/\/misot.pl\/stary\/wp-content\/uploads\/2021\/11\/02-org-1024x576-1.jpg\",\"articleSection\":[\"Aktualno\u015bci\"],\"inLanguage\":\"pl-PL\",\"potentialAction\":[{\"@type\":\"CommentAction\",\"name\":\"Comment\",\"target\":[\"https:\/\/misot.pl\/stary\/zjazd-misot-wiedza-i-rozwoj\/#respond\"]}]},{\"@type\":\"WebPage\",\"@id\":\"https:\/\/misot.pl\/stary\/zjazd-misot-wiedza-i-rozwoj\/\",\"url\":\"https:\/\/misot.pl\/stary\/zjazd-misot-wiedza-i-rozwoj\/\",\"name\":\"Zjazd Mi\u015aOT \u2013 wiedza i rozw\u00f3j - Mi\u015aOT\",\"isPartOf\":{\"@id\":\"https:\/\/misot.pl\/stary\/#website\"},\"primaryImageOfPage\":{\"@id\":\"https:\/\/misot.pl\/stary\/zjazd-misot-wiedza-i-rozwoj\/#primaryimage\"},\"image\":{\"@id\":\"https:\/\/misot.pl\/stary\/zjazd-misot-wiedza-i-rozwoj\/#primaryimage\"},\"thumbnailUrl\":\"https:\/\/misot.pl\/stary\/wp-content\/uploads\/2021\/11\/02-org-1024x576-1.jpg\",\"datePublished\":\"2021-11-08T17:49:05+00:00\",\"dateModified\":\"2021-11-10T16:11:51+00:00\",\"breadcrumb\":{\"@id\":\"https:\/\/misot.pl\/stary\/zjazd-misot-wiedza-i-rozwoj\/#breadcrumb\"},\"inLanguage\":\"pl-PL\",\"potentialAction\":[{\"@type\":\"ReadAction\",\"target\":[\"https:\/\/misot.pl\/stary\/zjazd-misot-wiedza-i-rozwoj\/\"]}]},{\"@type\":\"ImageObject\",\"inLanguage\":\"pl-PL\",\"@id\":\"https:\/\/misot.pl\/stary\/zjazd-misot-wiedza-i-rozwoj\/#primaryimage\",\"url\":\"https:\/\/misot.pl\/stary\/wp-content\/uploads\/2021\/11\/02-org-1024x576-1.jpg\",\"contentUrl\":\"https:\/\/misot.pl\/stary\/wp-content\/uploads\/2021\/11\/02-org-1024x576-1.jpg\",\"width\":1024,\"height\":576},{\"@type\":\"BreadcrumbList\",\"@id\":\"https:\/\/misot.pl\/stary\/zjazd-misot-wiedza-i-rozwoj\/#breadcrumb\",\"itemListElement\":[{\"@type\":\"ListItem\",\"position\":1,\"name\":\"Strona g\u0142\u00f3wna\",\"item\":\"https:\/\/misot.pl\/stary\/\"},{\"@type\":\"ListItem\",\"position\":2,\"name\":\"Zjazd Mi\u015aOT \u2013 wiedza i rozw\u00f3j\"}]},{\"@type\":\"WebSite\",\"@id\":\"https:\/\/misot.pl\/stary\/#website\",\"url\":\"https:\/\/misot.pl\/stary\/\",\"name\":\"Mi\u015aOT\",\"description\":\"\u0141\u0105czymy lokalnie\",\"publisher\":{\"@id\":\"https:\/\/misot.pl\/stary\/#organization\"},\"potentialAction\":[{\"@type\":\"SearchAction\",\"target\":{\"@type\":\"EntryPoint\",\"urlTemplate\":\"https:\/\/misot.pl\/stary\/?s={search_term_string}\"},\"query-input\":{\"@type\":\"PropertyValueSpecification\",\"valueRequired\":true,\"valueName\":\"search_term_string\"}}],\"inLanguage\":\"pl-PL\"},{\"@type\":\"Organization\",\"@id\":\"https:\/\/misot.pl\/stary\/#organization\",\"name\":\"Mi\u015aOT\",\"url\":\"https:\/\/misot.pl\/stary\/\",\"logo\":{\"@type\":\"ImageObject\",\"inLanguage\":\"pl-PL\",\"@id\":\"https:\/\/misot.pl\/stary\/#\/schema\/logo\/image\/\",\"url\":\"https:\/\/misot.pl\/wp-content\/uploads\/2026\/01\/grupa-misot-tla-jasne.png\",\"contentUrl\":\"https:\/\/misot.pl\/wp-content\/uploads\/2026\/01\/grupa-misot-tla-jasne.png\",\"width\":1320,\"height\":743,\"caption\":\"Mi\u015aOT\"},\"image\":{\"@id\":\"https:\/\/misot.pl\/stary\/#\/schema\/logo\/image\/\"},\"sameAs\":[\"https:\/\/www.facebook.com\/MiSOTpl\",\"https:\/\/www.youtube.com\/channel\/UCCjxl2ju4z8-aQLY4cErc0w\",\"https:\/\/www.linkedin.com\/company\/grupa-miot\/\"]},{\"@type\":\"Person\",\"@id\":\"https:\/\/misot.pl\/stary\/#\/schema\/person\/c8252a91561fdcc2bb341d698ee3cf8b\",\"name\":\"Marcin Jedynak\",\"image\":{\"@type\":\"ImageObject\",\"inLanguage\":\"pl-PL\",\"@id\":\"https:\/\/misot.pl\/stary\/#\/schema\/person\/image\/\",\"url\":\"https:\/\/secure.gravatar.com\/avatar\/b150ec1521bf70ce2c0ae52a574ab13dbadd2cd95d5b5563039e5c50235d024a?s=96&d=mm&r=g\",\"contentUrl\":\"https:\/\/secure.gravatar.com\/avatar\/b150ec1521bf70ce2c0ae52a574ab13dbadd2cd95d5b5563039e5c50235d024a?s=96&d=mm&r=g\",\"caption\":\"Marcin Jedynak\"},\"url\":\"https:\/\/misot.pl\/stary\/author\/marcin\/\"}]}<\/script>\n<!-- \/ Yoast SEO plugin. -->","yoast_head_json":{"title":"Zjazd Mi\u015aOT \u2013 wiedza i rozw\u00f3j - Mi\u015aOT","robots":{"index":"index","follow":"follow","max-snippet":"max-snippet:-1","max-image-preview":"max-image-preview:large","max-video-preview":"max-video-preview:-1"},"canonical":"https:\/\/misot.pl\/stary\/zjazd-misot-wiedza-i-rozwoj\/","og_locale":"pl_PL","og_type":"article","og_title":"Zjazd Mi\u015aOT \u2013 wiedza i rozw\u00f3j - Mi\u015aOT","og_description":"Wype\u0142niona wa\u017cnymi tematami AGENDA zbli\u017caj\u0105cego si\u0119 Zjazdu Mi\u015aOT sprawi, \u017ce uczestnicy tego wydarzenia zdob\u0119d\u0105 konkretn\u0105 merytoryczn\u0105 wiedz\u0119. Prawo, finanse, prowadzenie biznesu, analizy zwi\u0105zane z aktualn\u0105 sytuacj\u0105 w bran\u017cy i gospodarce, akcje i projekty Grupy Mi\u015aOT \u2013 om\u00f3wienie wszystkich tych temat\u00f3w z perspektywy ma\u0142ych i \u015brednich operator\u00f3w telekomunikacyjnych pomo\u017ce im w podejmowaniu optymalnych decyzji biznesowych. &nbsp; [&hellip;]","og_url":"https:\/\/misot.pl\/stary\/zjazd-misot-wiedza-i-rozwoj\/","og_site_name":"Mi\u015aOT","article_publisher":"https:\/\/www.facebook.com\/MiSOTpl","article_published_time":"2021-11-08T17:49:05+00:00","article_modified_time":"2021-11-10T16:11:51+00:00","og_image":[{"width":1024,"height":576,"url":"https:\/\/misot.pl\/stary\/wp-content\/uploads\/2021\/11\/02-org-1024x576-1.jpg","type":"image\/jpeg"}],"author":"Marcin Jedynak","twitter_card":"summary_large_image","twitter_misc":{"Napisane przez":"Marcin Jedynak","Szacowany czas czytania":"3 minuty"},"schema":{"@context":"https:\/\/schema.org","@graph":[{"@type":"Article","@id":"https:\/\/misot.pl\/stary\/zjazd-misot-wiedza-i-rozwoj\/#article","isPartOf":{"@id":"https:\/\/misot.pl\/stary\/zjazd-misot-wiedza-i-rozwoj\/"},"author":{"name":"Marcin Jedynak","@id":"https:\/\/misot.pl\/stary\/#\/schema\/person\/c8252a91561fdcc2bb341d698ee3cf8b"},"headline":"Zjazd Mi\u015aOT \u2013 wiedza i rozw\u00f3j","datePublished":"2021-11-08T17:49:05+00:00","dateModified":"2021-11-10T16:11:51+00:00","mainEntityOfPage":{"@id":"https:\/\/misot.pl\/stary\/zjazd-misot-wiedza-i-rozwoj\/"},"wordCount":630,"commentCount":0,"publisher":{"@id":"https:\/\/misot.pl\/stary\/#organization"},"image":{"@id":"https:\/\/misot.pl\/stary\/zjazd-misot-wiedza-i-rozwoj\/#primaryimage"},"thumbnailUrl":"https:\/\/misot.pl\/stary\/wp-content\/uploads\/2021\/11\/02-org-1024x576-1.jpg","articleSection":["Aktualno\u015bci"],"inLanguage":"pl-PL","potentialAction":[{"@type":"CommentAction","name":"Comment","target":["https:\/\/misot.pl\/stary\/zjazd-misot-wiedza-i-rozwoj\/#respond"]}]},{"@type":"WebPage","@id":"https:\/\/misot.pl\/stary\/zjazd-misot-wiedza-i-rozwoj\/","url":"https:\/\/misot.pl\/stary\/zjazd-misot-wiedza-i-rozwoj\/","name":"Zjazd Mi\u015aOT \u2013 wiedza i rozw\u00f3j - Mi\u015aOT","isPartOf":{"@id":"https:\/\/misot.pl\/stary\/#website"},"primaryImageOfPage":{"@id":"https:\/\/misot.pl\/stary\/zjazd-misot-wiedza-i-rozwoj\/#primaryimage"},"image":{"@id":"https:\/\/misot.pl\/stary\/zjazd-misot-wiedza-i-rozwoj\/#primaryimage"},"thumbnailUrl":"https:\/\/misot.pl\/stary\/wp-content\/uploads\/2021\/11\/02-org-1024x576-1.jpg","datePublished":"2021-11-08T17:49:05+00:00","dateModified":"2021-11-10T16:11:51+00:00","breadcrumb":{"@id":"https:\/\/misot.pl\/stary\/zjazd-misot-wiedza-i-rozwoj\/#breadcrumb"},"inLanguage":"pl-PL","potentialAction":[{"@type":"ReadAction","target":["https:\/\/misot.pl\/stary\/zjazd-misot-wiedza-i-rozwoj\/"]}]},{"@type":"ImageObject","inLanguage":"pl-PL","@id":"https:\/\/misot.pl\/stary\/zjazd-misot-wiedza-i-rozwoj\/#primaryimage","url":"https:\/\/misot.pl\/stary\/wp-content\/uploads\/2021\/11\/02-org-1024x576-1.jpg","contentUrl":"https:\/\/misot.pl\/stary\/wp-content\/uploads\/2021\/11\/02-org-1024x576-1.jpg","width":1024,"height":576},{"@type":"BreadcrumbList","@id":"https:\/\/misot.pl\/stary\/zjazd-misot-wiedza-i-rozwoj\/#breadcrumb","itemListElement":[{"@type":"ListItem","position":1,"name":"Strona g\u0142\u00f3wna","item":"https:\/\/misot.pl\/stary\/"},{"@type":"ListItem","position":2,"name":"Zjazd Mi\u015aOT \u2013 wiedza i rozw\u00f3j"}]},{"@type":"WebSite","@id":"https:\/\/misot.pl\/stary\/#website","url":"https:\/\/misot.pl\/stary\/","name":"Mi\u015aOT","description":"\u0141\u0105czymy lokalnie","publisher":{"@id":"https:\/\/misot.pl\/stary\/#organization"},"potentialAction":[{"@type":"SearchAction","target":{"@type":"EntryPoint","urlTemplate":"https:\/\/misot.pl\/stary\/?s={search_term_string}"},"query-input":{"@type":"PropertyValueSpecification","valueRequired":true,"valueName":"search_term_string"}}],"inLanguage":"pl-PL"},{"@type":"Organization","@id":"https:\/\/misot.pl\/stary\/#organization","name":"Mi\u015aOT","url":"https:\/\/misot.pl\/stary\/","logo":{"@type":"ImageObject","inLanguage":"pl-PL","@id":"https:\/\/misot.pl\/stary\/#\/schema\/logo\/image\/","url":"https:\/\/misot.pl\/wp-content\/uploads\/2026\/01\/grupa-misot-tla-jasne.png","contentUrl":"https:\/\/misot.pl\/wp-content\/uploads\/2026\/01\/grupa-misot-tla-jasne.png","width":1320,"height":743,"caption":"Mi\u015aOT"},"image":{"@id":"https:\/\/misot.pl\/stary\/#\/schema\/logo\/image\/"},"sameAs":["https:\/\/www.facebook.com\/MiSOTpl","https:\/\/www.youtube.com\/channel\/UCCjxl2ju4z8-aQLY4cErc0w","https:\/\/www.linkedin.com\/company\/grupa-miot\/"]},{"@type":"Person","@id":"https:\/\/misot.pl\/stary\/#\/schema\/person\/c8252a91561fdcc2bb341d698ee3cf8b","name":"Marcin Jedynak","image":{"@type":"ImageObject","inLanguage":"pl-PL","@id":"https:\/\/misot.pl\/stary\/#\/schema\/person\/image\/","url":"https:\/\/secure.gravatar.com\/avatar\/b150ec1521bf70ce2c0ae52a574ab13dbadd2cd95d5b5563039e5c50235d024a?s=96&d=mm&r=g","contentUrl":"https:\/\/secure.gravatar.com\/avatar\/b150ec1521bf70ce2c0ae52a574ab13dbadd2cd95d5b5563039e5c50235d024a?s=96&d=mm&r=g","caption":"Marcin Jedynak"},"url":"https:\/\/misot.pl\/stary\/author\/marcin\/"}]}},"_links":{"self":[{"href":"https:\/\/misot.pl\/stary\/wp-json\/wp\/v2\/posts\/6959","targetHints":{"allow":["GET"]}}],"collection":[{"href":"https:\/\/misot.pl\/stary\/wp-json\/wp\/v2\/posts"}],"about":[{"href":"https:\/\/misot.pl\/stary\/wp-json\/wp\/v2\/types\/post"}],"author":[{"embeddable":true,"href":"https:\/\/misot.pl\/stary\/wp-json\/wp\/v2\/users\/5"}],"replies":[{"embeddable":true,"href":"https:\/\/misot.pl\/stary\/wp-json\/wp\/v2\/comments?post=6959"}],"version-history":[{"count":8,"href":"https:\/\/misot.pl\/stary\/wp-json\/wp\/v2\/posts\/6959\/revisions"}],"predecessor-version":[{"id":7092,"href":"https:\/\/misot.pl\/stary\/wp-json\/wp\/v2\/posts\/6959\/revisions\/7092"}],"wp:featuredmedia":[{"embeddable":true,"href":"https:\/\/misot.pl\/stary\/wp-json\/wp\/v2\/media\/6960"}],"wp:attachment":[{"href":"https:\/\/misot.pl\/stary\/wp-json\/wp\/v2\/media?parent=6959"}],"wp:term":[{"taxonomy":"category","embeddable":true,"href":"https:\/\/misot.pl\/stary\/wp-json\/wp\/v2\/categories?post=6959"},{"taxonomy":"post_tag","embeddable":true,"href":"https:\/\/misot.pl\/stary\/wp-json\/wp\/v2\/tags?post=6959"}],"curies":[{"name":"wp","href":"https:\/\/api.w.org\/{rel}","templated":true}]}}