{"id":5809,"date":"2021-10-23T12:54:41","date_gmt":"2021-10-23T12:54:41","guid":{"rendered":"https:\/\/misot.pl\/?p=5809"},"modified":"2021-10-23T12:54:41","modified_gmt":"2021-10-23T12:54:41","slug":"polska-lorawan-w-kazdym-powiecie-2","status":"publish","type":"post","link":"https:\/\/misot.pl\/stary\/polska-lorawan-w-kazdym-powiecie-2\/","title":{"rendered":"Polska LoRaWAN w ka\u017cdym powiecie"},"content":{"rendered":"<p><strong>Grupa Mi\u015aOT rozpocz\u0119\u0142a budow\u0119 og\u00f3lnopolskiej sieci LoRaWAN poprzez wykorzystanie lokalizacji i\u00a0potencja\u0142u ma\u0142ych i\u00a0\u015brednich operator\u00f3w telekomunikacyjnych.<\/strong><strong> Pierwsze urz\u0105dzenia ju\u017c zamontowano, trwaj\u0105 testy i poszukiwania kolejnych ch\u0119tnych operator\u00f3w do udzia\u0142u w projekcie.<\/strong><\/p>\n<p>&nbsp;<\/p>\n<p><em>\u2013 Chcemy, by\u00a0polska LoRaWAN znalaz\u0142a si\u0119 w\u00a0ka\u017cdym powiecie, a\u00a0potem gminie. To\u00a0otworzy drog\u0119 do\u00a0komercyjnego wykorzystania mo\u017cliwo\u015bci sieci u\u00a0klient\u00f3w indywidualnych, biznesowych i\u00a0administracji. Mi\u015aOT-om da to\u00a0mo\u017cliwo\u015b\u0107 poszerzenia oferty handlowej i\u00a0zwi\u0119kszenia przychod\u00f3w<\/em>\u00a0\u2013 m\u00f3wi\u00a0<strong>Sebastian Kachel<\/strong>, wiceprezes Mi\u015aOT SA i\u00a0Stowarzyszenia e-Po\u0142udnie. W przygotowanej przez\u00a0Grup\u0119 Mi\u015aOT ankiecie (<a href=\"https:\/\/www.epix.net.pl\/lorawan\/\" target=\"_blank\" rel=\"noreferrer noopener\">https:\/\/www.epix.net.pl\/lorawan\/<\/a>) musimy poda\u0107 dane kontaktowe i\u00a0techniczne oraz\u00a0lokalizacj\u0119 infrastruktury Mi\u015aOT-a. Po\u00a0jej wype\u0142nieniu nale\u017cy spodziewa\u0107 si\u0119 kontaktu ze\u00a0strony Grupy Mi\u015aOT w\u00a0celu ustalenia szczeg\u00f3\u0142\u00f3w dostawy urz\u0105dze\u0144.\u00a0<em>\u2013 Mali i\u00a0\u015bredni operatorzy maj\u0105 naturalne atuty, nasza infrastruktura, w\u00a0tym nadajniki, znajduje si\u0119 ju\u017c na\u00a0masztach i\u00a0budynkach, mamy doprowadzone zasilanie. Kolejny niewielki nadajnik nie\u00a0b\u0119dzie \u017cadnym problemem, a\u00a0w\u00a0przysz\u0142o\u015bci korzy\u015bci mog\u0105 by\u0107 du\u017ce<\/em>\u00a0\u2013 przekonuje Sebastian Kachel. Inkubacj\u0119 przedsi\u0119wzi\u0119cia wspiera finansowo Stowarzyszenie e-Po\u0142udnie, a\u00a0koordynacj\u0105 projektu zajmuje si\u0119 Grupa Mi\u015aOT. Popularyzacja tego rozwi\u0105zania pozwoli na\u00a0oferowanie przez\u00a0Mi\u015aOT-\u00f3w nowych produkt\u00f3w, zwi\u0105zanych z\u00a0monitorowaniem proces\u00f3w gospodarczych, infrastrukturalnych oraz\u00a0zapewniaj\u0105cych bezpiecze\u0144stwo funkcjonowania gospodarstw domowych, firm, instytucji i\u00a0spo\u0142eczno\u015bci lokalnych. LoRaWAN jest radiowym protoko\u0142em komunikacyjnym dalekiego zasi\u0119gu, pozwalaj\u0105cym urz\u0105dzeniom \u2013 przy niskim poborze energii \u2013 na\u00a0\u0142\u0105czenie si\u0119 z\u00a0internetem. Technologia ta jest impulsem do\u00a0dynamicznego rozwoju Internetu Rzeczy, poniewa\u017c pozwala na\u00a0prac\u0119 czujnika z\u00a0bateri\u0105 nawet przez\u00a0kilka lat. Dzi\u0119ki temu spadaj\u0105 koszty utrzymania, a\u00a0jednocze\u015bnie rosn\u0105 mo\u017cliwo\u015bci monta\u017cu du\u017cej ilo\u015bci czujnik\u00f3w. Technologia opiera si\u0119 na\u00a0otwartym standardzie, korzysta ze\u00a0spektrum radiowego ISM (Industrial, Scientific, Medical). Na\u00a0naszym kontynencie LoRaWAN dzia\u0142a na\u00a0cz\u0119stotliwo\u015bci 868 MHz, a\u00a0w\u00a0USA na\u00a0915 MHz. Operatorzy w\u00a0Europie i\u00a0na\u00a0\u015bwiecie wykazuj\u0105 coraz wi\u0119ksze zainteresowanie wykorzystaniem LoRaWAN. Dotyczy to\u00a0zar\u00f3wno projekt\u00f3w wielkoskalowych, jak i\u00a0mniejszych, realizowanych przez\u00a0lokalnych przedsi\u0119biorc\u00f3w telekomunikacyjnych. W\u00a0oparciu o\u00a0ten standard oferowane s\u0105 coraz liczniejsze us\u0142ugi.Czas zatem zacz\u0105\u0107 nowy projekt \u2013 zach\u0119camy do\u00a0wype\u0142nienia ankiety:\u00a0<a href=\"https:\/\/www.epix.net.pl\/lorawan\" target=\"_blank\" rel=\"noreferrer noopener\">https:\/\/www.epix.net.pl\/lorawan<\/a>\/<\/p>\n","protected":false},"excerpt":{"rendered":"<p>Grupa Mi\u015aOT rozpocz\u0119\u0142a budow\u0119 og\u00f3lnopolskiej sieci LoRaWAN poprzez wykorzystanie lokalizacji i\u00a0potencja\u0142u ma\u0142ych i\u00a0\u015brednich operator\u00f3w telekomunikacyjnych. Pierwsze urz\u0105dzenia ju\u017c zamontowano, trwaj\u0105 testy i poszukiwania kolejnych ch\u0119tnych operator\u00f3w do udzia\u0142u w projekcie. &nbsp; \u2013 Chcemy, by\u00a0polska LoRaWAN znalaz\u0142a si\u0119 w\u00a0ka\u017cdym powiecie, a\u00a0potem gminie. To\u00a0otworzy drog\u0119 do\u00a0komercyjnego wykorzystania mo\u017cliwo\u015bci sieci u\u00a0klient\u00f3w indywidualnych, biznesowych i\u00a0administracji. Mi\u015aOT-om da to\u00a0mo\u017cliwo\u015b\u0107 poszerzenia [&hellip;]<\/p>\n","protected":false},"author":5,"featured_media":0,"comment_status":"open","ping_status":"open","sticky":false,"template":"","format":"standard","meta":{"fifu_image_url":"","fifu_image_alt":"","footnotes":""},"categories":[29],"tags":[],"class_list":["post-5809","post","type-post","status-publish","format-standard","hentry","category-mdi"],"yoast_head":"<!-- This site is optimized with the Yoast SEO plugin v26.9 - https:\/\/yoast.com\/product\/yoast-seo-wordpress\/ -->\n<title>Polska LoRaWAN w ka\u017cdym powiecie - Mi\u015aOT<\/title>\n<meta name=\"robots\" content=\"index, follow, max-snippet:-1, max-image-preview:large, max-video-preview:-1\" \/>\n<link rel=\"canonical\" href=\"https:\/\/misot.pl\/stary\/polska-lorawan-w-kazdym-powiecie-2\/\" \/>\n<meta property=\"og:locale\" content=\"pl_PL\" \/>\n<meta property=\"og:type\" content=\"article\" \/>\n<meta property=\"og:title\" content=\"Polska LoRaWAN w ka\u017cdym powiecie - Mi\u015aOT\" \/>\n<meta property=\"og:description\" content=\"Grupa Mi\u015aOT rozpocz\u0119\u0142a budow\u0119 og\u00f3lnopolskiej sieci LoRaWAN poprzez wykorzystanie lokalizacji i\u00a0potencja\u0142u ma\u0142ych i\u00a0\u015brednich operator\u00f3w telekomunikacyjnych. Pierwsze urz\u0105dzenia ju\u017c zamontowano, trwaj\u0105 testy i poszukiwania kolejnych ch\u0119tnych operator\u00f3w do udzia\u0142u w projekcie. &nbsp; \u2013 Chcemy, by\u00a0polska LoRaWAN znalaz\u0142a si\u0119 w\u00a0ka\u017cdym powiecie, a\u00a0potem gminie. To\u00a0otworzy drog\u0119 do\u00a0komercyjnego wykorzystania mo\u017cliwo\u015bci sieci u\u00a0klient\u00f3w indywidualnych, biznesowych i\u00a0administracji. Mi\u015aOT-om da to\u00a0mo\u017cliwo\u015b\u0107 poszerzenia [&hellip;]\" \/>\n<meta property=\"og:url\" content=\"https:\/\/misot.pl\/stary\/polska-lorawan-w-kazdym-powiecie-2\/\" \/>\n<meta property=\"og:site_name\" content=\"Mi\u015aOT\" \/>\n<meta property=\"article:publisher\" content=\"https:\/\/www.facebook.com\/MiSOTpl\" \/>\n<meta property=\"article:published_time\" content=\"2021-10-23T12:54:41+00:00\" \/>\n<meta name=\"author\" content=\"Marcin Jedynak\" \/>\n<meta name=\"twitter:card\" content=\"summary_large_image\" \/>\n<meta name=\"twitter:label1\" content=\"Napisane przez\" \/>\n\t<meta name=\"twitter:data1\" content=\"Marcin Jedynak\" \/>\n\t<meta name=\"twitter:label2\" content=\"Szacowany czas czytania\" \/>\n\t<meta name=\"twitter:data2\" content=\"2 minuty\" \/>\n<script type=\"application\/ld+json\" class=\"yoast-schema-graph\">{\"@context\":\"https:\/\/schema.org\",\"@graph\":[{\"@type\":\"Article\",\"@id\":\"https:\/\/misot.pl\/stary\/polska-lorawan-w-kazdym-powiecie-2\/#article\",\"isPartOf\":{\"@id\":\"https:\/\/misot.pl\/stary\/polska-lorawan-w-kazdym-powiecie-2\/\"},\"author\":{\"name\":\"Marcin Jedynak\",\"@id\":\"https:\/\/misot.pl\/stary\/#\/schema\/person\/c8252a91561fdcc2bb341d698ee3cf8b\"},\"headline\":\"Polska LoRaWAN w ka\u017cdym powiecie\",\"datePublished\":\"2021-10-23T12:54:41+00:00\",\"mainEntityOfPage\":{\"@id\":\"https:\/\/misot.pl\/stary\/polska-lorawan-w-kazdym-powiecie-2\/\"},\"wordCount\":401,\"commentCount\":0,\"publisher\":{\"@id\":\"https:\/\/misot.pl\/stary\/#organization\"},\"articleSection\":[\"MdI\"],\"inLanguage\":\"pl-PL\",\"potentialAction\":[{\"@type\":\"CommentAction\",\"name\":\"Comment\",\"target\":[\"https:\/\/misot.pl\/stary\/polska-lorawan-w-kazdym-powiecie-2\/#respond\"]}]},{\"@type\":\"WebPage\",\"@id\":\"https:\/\/misot.pl\/stary\/polska-lorawan-w-kazdym-powiecie-2\/\",\"url\":\"https:\/\/misot.pl\/stary\/polska-lorawan-w-kazdym-powiecie-2\/\",\"name\":\"Polska LoRaWAN w ka\u017cdym powiecie - Mi\u015aOT\",\"isPartOf\":{\"@id\":\"https:\/\/misot.pl\/stary\/#website\"},\"datePublished\":\"2021-10-23T12:54:41+00:00\",\"breadcrumb\":{\"@id\":\"https:\/\/misot.pl\/stary\/polska-lorawan-w-kazdym-powiecie-2\/#breadcrumb\"},\"inLanguage\":\"pl-PL\",\"potentialAction\":[{\"@type\":\"ReadAction\",\"target\":[\"https:\/\/misot.pl\/stary\/polska-lorawan-w-kazdym-powiecie-2\/\"]}]},{\"@type\":\"BreadcrumbList\",\"@id\":\"https:\/\/misot.pl\/stary\/polska-lorawan-w-kazdym-powiecie-2\/#breadcrumb\",\"itemListElement\":[{\"@type\":\"ListItem\",\"position\":1,\"name\":\"Strona g\u0142\u00f3wna\",\"item\":\"https:\/\/misot.pl\/stary\/\"},{\"@type\":\"ListItem\",\"position\":2,\"name\":\"Polska LoRaWAN w ka\u017cdym powiecie\"}]},{\"@type\":\"WebSite\",\"@id\":\"https:\/\/misot.pl\/stary\/#website\",\"url\":\"https:\/\/misot.pl\/stary\/\",\"name\":\"Mi\u015aOT\",\"description\":\"\u0141\u0105czymy lokalnie\",\"publisher\":{\"@id\":\"https:\/\/misot.pl\/stary\/#organization\"},\"potentialAction\":[{\"@type\":\"SearchAction\",\"target\":{\"@type\":\"EntryPoint\",\"urlTemplate\":\"https:\/\/misot.pl\/stary\/?s={search_term_string}\"},\"query-input\":{\"@type\":\"PropertyValueSpecification\",\"valueRequired\":true,\"valueName\":\"search_term_string\"}}],\"inLanguage\":\"pl-PL\"},{\"@type\":\"Organization\",\"@id\":\"https:\/\/misot.pl\/stary\/#organization\",\"name\":\"Mi\u015aOT\",\"url\":\"https:\/\/misot.pl\/stary\/\",\"logo\":{\"@type\":\"ImageObject\",\"inLanguage\":\"pl-PL\",\"@id\":\"https:\/\/misot.pl\/stary\/#\/schema\/logo\/image\/\",\"url\":\"https:\/\/misot.pl\/wp-content\/uploads\/2026\/01\/grupa-misot-tla-jasne.png\",\"contentUrl\":\"https:\/\/misot.pl\/wp-content\/uploads\/2026\/01\/grupa-misot-tla-jasne.png\",\"width\":1320,\"height\":743,\"caption\":\"Mi\u015aOT\"},\"image\":{\"@id\":\"https:\/\/misot.pl\/stary\/#\/schema\/logo\/image\/\"},\"sameAs\":[\"https:\/\/www.facebook.com\/MiSOTpl\",\"https:\/\/www.youtube.com\/channel\/UCCjxl2ju4z8-aQLY4cErc0w\",\"https:\/\/www.linkedin.com\/company\/grupa-miot\/\"]},{\"@type\":\"Person\",\"@id\":\"https:\/\/misot.pl\/stary\/#\/schema\/person\/c8252a91561fdcc2bb341d698ee3cf8b\",\"name\":\"Marcin Jedynak\",\"image\":{\"@type\":\"ImageObject\",\"inLanguage\":\"pl-PL\",\"@id\":\"https:\/\/misot.pl\/stary\/#\/schema\/person\/image\/\",\"url\":\"https:\/\/secure.gravatar.com\/avatar\/b150ec1521bf70ce2c0ae52a574ab13dbadd2cd95d5b5563039e5c50235d024a?s=96&d=mm&r=g\",\"contentUrl\":\"https:\/\/secure.gravatar.com\/avatar\/b150ec1521bf70ce2c0ae52a574ab13dbadd2cd95d5b5563039e5c50235d024a?s=96&d=mm&r=g\",\"caption\":\"Marcin Jedynak\"},\"url\":\"https:\/\/misot.pl\/stary\/author\/marcin\/\"}]}<\/script>\n<!-- \/ Yoast SEO plugin. -->","yoast_head_json":{"title":"Polska LoRaWAN w ka\u017cdym powiecie - Mi\u015aOT","robots":{"index":"index","follow":"follow","max-snippet":"max-snippet:-1","max-image-preview":"max-image-preview:large","max-video-preview":"max-video-preview:-1"},"canonical":"https:\/\/misot.pl\/stary\/polska-lorawan-w-kazdym-powiecie-2\/","og_locale":"pl_PL","og_type":"article","og_title":"Polska LoRaWAN w ka\u017cdym powiecie - Mi\u015aOT","og_description":"Grupa Mi\u015aOT rozpocz\u0119\u0142a budow\u0119 og\u00f3lnopolskiej sieci LoRaWAN poprzez wykorzystanie lokalizacji i\u00a0potencja\u0142u ma\u0142ych i\u00a0\u015brednich operator\u00f3w telekomunikacyjnych. Pierwsze urz\u0105dzenia ju\u017c zamontowano, trwaj\u0105 testy i poszukiwania kolejnych ch\u0119tnych operator\u00f3w do udzia\u0142u w projekcie. &nbsp; \u2013 Chcemy, by\u00a0polska LoRaWAN znalaz\u0142a si\u0119 w\u00a0ka\u017cdym powiecie, a\u00a0potem gminie. To\u00a0otworzy drog\u0119 do\u00a0komercyjnego wykorzystania mo\u017cliwo\u015bci sieci u\u00a0klient\u00f3w indywidualnych, biznesowych i\u00a0administracji. Mi\u015aOT-om da to\u00a0mo\u017cliwo\u015b\u0107 poszerzenia [&hellip;]","og_url":"https:\/\/misot.pl\/stary\/polska-lorawan-w-kazdym-powiecie-2\/","og_site_name":"Mi\u015aOT","article_publisher":"https:\/\/www.facebook.com\/MiSOTpl","article_published_time":"2021-10-23T12:54:41+00:00","author":"Marcin Jedynak","twitter_card":"summary_large_image","twitter_misc":{"Napisane przez":"Marcin Jedynak","Szacowany czas czytania":"2 minuty"},"schema":{"@context":"https:\/\/schema.org","@graph":[{"@type":"Article","@id":"https:\/\/misot.pl\/stary\/polska-lorawan-w-kazdym-powiecie-2\/#article","isPartOf":{"@id":"https:\/\/misot.pl\/stary\/polska-lorawan-w-kazdym-powiecie-2\/"},"author":{"name":"Marcin Jedynak","@id":"https:\/\/misot.pl\/stary\/#\/schema\/person\/c8252a91561fdcc2bb341d698ee3cf8b"},"headline":"Polska LoRaWAN w ka\u017cdym powiecie","datePublished":"2021-10-23T12:54:41+00:00","mainEntityOfPage":{"@id":"https:\/\/misot.pl\/stary\/polska-lorawan-w-kazdym-powiecie-2\/"},"wordCount":401,"commentCount":0,"publisher":{"@id":"https:\/\/misot.pl\/stary\/#organization"},"articleSection":["MdI"],"inLanguage":"pl-PL","potentialAction":[{"@type":"CommentAction","name":"Comment","target":["https:\/\/misot.pl\/stary\/polska-lorawan-w-kazdym-powiecie-2\/#respond"]}]},{"@type":"WebPage","@id":"https:\/\/misot.pl\/stary\/polska-lorawan-w-kazdym-powiecie-2\/","url":"https:\/\/misot.pl\/stary\/polska-lorawan-w-kazdym-powiecie-2\/","name":"Polska LoRaWAN w ka\u017cdym powiecie - Mi\u015aOT","isPartOf":{"@id":"https:\/\/misot.pl\/stary\/#website"},"datePublished":"2021-10-23T12:54:41+00:00","breadcrumb":{"@id":"https:\/\/misot.pl\/stary\/polska-lorawan-w-kazdym-powiecie-2\/#breadcrumb"},"inLanguage":"pl-PL","potentialAction":[{"@type":"ReadAction","target":["https:\/\/misot.pl\/stary\/polska-lorawan-w-kazdym-powiecie-2\/"]}]},{"@type":"BreadcrumbList","@id":"https:\/\/misot.pl\/stary\/polska-lorawan-w-kazdym-powiecie-2\/#breadcrumb","itemListElement":[{"@type":"ListItem","position":1,"name":"Strona g\u0142\u00f3wna","item":"https:\/\/misot.pl\/stary\/"},{"@type":"ListItem","position":2,"name":"Polska LoRaWAN w ka\u017cdym powiecie"}]},{"@type":"WebSite","@id":"https:\/\/misot.pl\/stary\/#website","url":"https:\/\/misot.pl\/stary\/","name":"Mi\u015aOT","description":"\u0141\u0105czymy lokalnie","publisher":{"@id":"https:\/\/misot.pl\/stary\/#organization"},"potentialAction":[{"@type":"SearchAction","target":{"@type":"EntryPoint","urlTemplate":"https:\/\/misot.pl\/stary\/?s={search_term_string}"},"query-input":{"@type":"PropertyValueSpecification","valueRequired":true,"valueName":"search_term_string"}}],"inLanguage":"pl-PL"},{"@type":"Organization","@id":"https:\/\/misot.pl\/stary\/#organization","name":"Mi\u015aOT","url":"https:\/\/misot.pl\/stary\/","logo":{"@type":"ImageObject","inLanguage":"pl-PL","@id":"https:\/\/misot.pl\/stary\/#\/schema\/logo\/image\/","url":"https:\/\/misot.pl\/wp-content\/uploads\/2026\/01\/grupa-misot-tla-jasne.png","contentUrl":"https:\/\/misot.pl\/wp-content\/uploads\/2026\/01\/grupa-misot-tla-jasne.png","width":1320,"height":743,"caption":"Mi\u015aOT"},"image":{"@id":"https:\/\/misot.pl\/stary\/#\/schema\/logo\/image\/"},"sameAs":["https:\/\/www.facebook.com\/MiSOTpl","https:\/\/www.youtube.com\/channel\/UCCjxl2ju4z8-aQLY4cErc0w","https:\/\/www.linkedin.com\/company\/grupa-miot\/"]},{"@type":"Person","@id":"https:\/\/misot.pl\/stary\/#\/schema\/person\/c8252a91561fdcc2bb341d698ee3cf8b","name":"Marcin Jedynak","image":{"@type":"ImageObject","inLanguage":"pl-PL","@id":"https:\/\/misot.pl\/stary\/#\/schema\/person\/image\/","url":"https:\/\/secure.gravatar.com\/avatar\/b150ec1521bf70ce2c0ae52a574ab13dbadd2cd95d5b5563039e5c50235d024a?s=96&d=mm&r=g","contentUrl":"https:\/\/secure.gravatar.com\/avatar\/b150ec1521bf70ce2c0ae52a574ab13dbadd2cd95d5b5563039e5c50235d024a?s=96&d=mm&r=g","caption":"Marcin Jedynak"},"url":"https:\/\/misot.pl\/stary\/author\/marcin\/"}]}},"_links":{"self":[{"href":"https:\/\/misot.pl\/stary\/wp-json\/wp\/v2\/posts\/5809","targetHints":{"allow":["GET"]}}],"collection":[{"href":"https:\/\/misot.pl\/stary\/wp-json\/wp\/v2\/posts"}],"about":[{"href":"https:\/\/misot.pl\/stary\/wp-json\/wp\/v2\/types\/post"}],"author":[{"embeddable":true,"href":"https:\/\/misot.pl\/stary\/wp-json\/wp\/v2\/users\/5"}],"replies":[{"embeddable":true,"href":"https:\/\/misot.pl\/stary\/wp-json\/wp\/v2\/comments?post=5809"}],"version-history":[{"count":1,"href":"https:\/\/misot.pl\/stary\/wp-json\/wp\/v2\/posts\/5809\/revisions"}],"predecessor-version":[{"id":5810,"href":"https:\/\/misot.pl\/stary\/wp-json\/wp\/v2\/posts\/5809\/revisions\/5810"}],"wp:attachment":[{"href":"https:\/\/misot.pl\/stary\/wp-json\/wp\/v2\/media?parent=5809"}],"wp:term":[{"taxonomy":"category","embeddable":true,"href":"https:\/\/misot.pl\/stary\/wp-json\/wp\/v2\/categories?post=5809"},{"taxonomy":"post_tag","embeddable":true,"href":"https:\/\/misot.pl\/stary\/wp-json\/wp\/v2\/tags?post=5809"}],"curies":[{"name":"wp","href":"https:\/\/api.w.org\/{rel}","templated":true}]}}