{"id":12657,"date":"2022-04-02T19:11:28","date_gmt":"2022-04-02T17:11:28","guid":{"rendered":"https:\/\/misot.pl\/?p=12657"},"modified":"2022-04-02T19:11:28","modified_gmt":"2022-04-02T17:11:28","slug":"w-janowie-mamy-komplet-zapraszamy-do-kolobrzegu","status":"publish","type":"post","link":"https:\/\/misot.pl\/stary\/w-janowie-mamy-komplet-zapraszamy-do-kolobrzegu\/","title":{"rendered":"W Janowie mamy komplet, zapraszamy do Ko\u0142obrzegu"},"content":{"rendered":"<p><b>Wyprzeda\u0142y si\u0119 wszystkie wej\u015bci\u00f3wki na drugi Lokalny Zjazd Mi\u015aOT w Janowie Podlaskim (28 &#8211; 29 kwietnia). Zapraszamy ch\u0119tnych na trzeci\u0105 edycj\u0119 wydarzenia, kt\u00f3ra odb\u0119dzie si\u0119 14 &#8211; 15 czerwca w Ko\u0142obrzegu. Mi\u015aOT-y z EPID-em do po\u0142owy kwietnia mog\u0105 korzysta\u0107 z najlepszych cen.<\/p>\n<p><\/b><\/p>\n<p><span style=\"font-weight: 400;\">Z ko\u0144cem marca zako\u0144czy\u0142a si\u0119 rejestracja na zjazd w Janowie Podlaskim. Sprzedali\u015bmy wszystkie dost\u0119pne wej\u015bci\u00f3wki. Pod koniec kwietnia operatorzy ze wschodniej Polski b\u0119d\u0105 mogli spotka\u0107 si\u0119 na bran\u017cowym wydarzeniu pe\u0142nym merytoryki, ale przede wszystkim dobrej atmosfery. B\u0119dzie okazja do wymiany do\u015bwiadcze\u0144, debat z ekspertami, ale r\u00f3wnie\u017c spotka\u0144 w mi\u0142ej atmosferze.<\/p>\n<p><\/span><\/p>\n<p><span style=\"font-weight: 400;\">Poniewa\u017c po zamkni\u0119ciu zapis\u00f3w na zjazd w Janowie Podlaskim nadal zg\u0142aszali si\u0119 ch\u0119tni na zakup wej\u015bci\u00f3wek, podj\u0119li\u015bmy decyzj\u0119, \u017ce do 15 kwietnia utrzymamy ceny z pierwszego progu na trzeci\u0105 edycj\u0119 w Ko\u0142obrzegu, ale jedynie dla ma\u0142ych i \u015brednich operator\u00f3w telekomunikacyjnych posiadaj\u0105cych EPID.<\/p>\n<p><\/span><\/p>\n<p><span style=\"font-weight: 400;\">Mi\u015aOT-y, czas zatem na szybk\u0105 rejestracj\u0119 w Ko\u0142obrzegu &#8211; <\/span><a href=\"https:\/\/misot.pl\/zjazdy\/\"><span style=\"font-weight: 400;\">https:\/\/misot.pl\/zjazdy\/<\/span><\/a><span style=\"font-weight: 400;\">\u00a0 B\u0119dzie wiele atrakcji, r\u00f3wnie\u017c dla rodzin, gdy\u017c trzeci Lokalny Zjazd Mi\u015aOT odb\u0119dzie si\u0119 w takiej formule. W kwietniu zostanie og\u0142oszona szczeg\u00f3\u0142owa agenda czerwcowego wydarzenia. Uczestnicy mog\u0105 liczy\u0107 na kontynuacj\u0119 paneli i wyk\u0142ad\u00f3w, kt\u00f3re cieszy\u0142y si\u0119 du\u017cym zainteresowaniem w Bukowinie Tatrza\u0144skiej i zaplanowanych w Janowie Podlaskim.<\/span><\/p>\n","protected":false},"excerpt":{"rendered":"<p>Wyprzeda\u0142y si\u0119 wszystkie wej\u015bci\u00f3wki na drugi Lokalny Zjazd Mi\u015aOT w Janowie Podlaskim (28 &#8211; 29 kwietnia). Zapraszamy ch\u0119tnych na trzeci\u0105 edycj\u0119 wydarzenia, kt\u00f3ra odb\u0119dzie si\u0119 14 &#8211; 15 czerwca w Ko\u0142obrzegu. Mi\u015aOT-y z EPID-em do po\u0142owy kwietnia mog\u0105 korzysta\u0107 z najlepszych cen. Z ko\u0144cem marca zako\u0144czy\u0142a si\u0119 rejestracja na zjazd w Janowie Podlaskim. Sprzedali\u015bmy wszystkie [&hellip;]<\/p>\n","protected":false},"author":5,"featured_media":12582,"comment_status":"open","ping_status":"open","sticky":false,"template":"","format":"standard","meta":{"fifu_image_url":"","fifu_image_alt":"","footnotes":""},"categories":[7],"tags":[46,43,45,44],"class_list":["post-12657","post","type-post","status-publish","format-standard","has-post-thumbnail","hentry","category-aktualnosci","tag-46","tag-misot","tag-wschod","tag-zjazd"],"yoast_head":"<!-- This site is optimized with the Yoast SEO plugin v26.9 - https:\/\/yoast.com\/product\/yoast-seo-wordpress\/ -->\n<title>W Janowie mamy komplet, zapraszamy do Ko\u0142obrzegu - Mi\u015aOT<\/title>\n<meta name=\"robots\" content=\"index, follow, max-snippet:-1, max-image-preview:large, max-video-preview:-1\" \/>\n<link rel=\"canonical\" href=\"https:\/\/misot.pl\/stary\/w-janowie-mamy-komplet-zapraszamy-do-kolobrzegu\/\" \/>\n<meta property=\"og:locale\" content=\"pl_PL\" \/>\n<meta property=\"og:type\" content=\"article\" \/>\n<meta property=\"og:title\" content=\"W Janowie mamy komplet, zapraszamy do Ko\u0142obrzegu - Mi\u015aOT\" \/>\n<meta property=\"og:description\" content=\"Wyprzeda\u0142y si\u0119 wszystkie wej\u015bci\u00f3wki na drugi Lokalny Zjazd Mi\u015aOT w Janowie Podlaskim (28 &#8211; 29 kwietnia). Zapraszamy ch\u0119tnych na trzeci\u0105 edycj\u0119 wydarzenia, kt\u00f3ra odb\u0119dzie si\u0119 14 &#8211; 15 czerwca w Ko\u0142obrzegu. Mi\u015aOT-y z EPID-em do po\u0142owy kwietnia mog\u0105 korzysta\u0107 z najlepszych cen. Z ko\u0144cem marca zako\u0144czy\u0142a si\u0119 rejestracja na zjazd w Janowie Podlaskim. Sprzedali\u015bmy wszystkie [&hellip;]\" \/>\n<meta property=\"og:url\" content=\"https:\/\/misot.pl\/stary\/w-janowie-mamy-komplet-zapraszamy-do-kolobrzegu\/\" \/>\n<meta property=\"og:site_name\" content=\"Mi\u015aOT\" \/>\n<meta property=\"article:publisher\" content=\"https:\/\/www.facebook.com\/MiSOTpl\" \/>\n<meta property=\"article:published_time\" content=\"2022-04-02T17:11:28+00:00\" \/>\n<meta property=\"og:image\" content=\"https:\/\/misot.pl\/stary\/wp-content\/uploads\/2022\/04\/seo-3.jpg\" \/>\n\t<meta property=\"og:image:width\" content=\"680\" \/>\n\t<meta property=\"og:image:height\" content=\"355\" \/>\n\t<meta property=\"og:image:type\" content=\"image\/jpeg\" \/>\n<meta name=\"author\" content=\"Marcin Jedynak\" \/>\n<meta name=\"twitter:card\" content=\"summary_large_image\" \/>\n<meta name=\"twitter:label1\" content=\"Napisane przez\" \/>\n\t<meta name=\"twitter:data1\" content=\"Marcin Jedynak\" \/>\n\t<meta name=\"twitter:label2\" content=\"Szacowany czas czytania\" \/>\n\t<meta name=\"twitter:data2\" content=\"1 minuta\" \/>\n<script type=\"application\/ld+json\" class=\"yoast-schema-graph\">{\"@context\":\"https:\/\/schema.org\",\"@graph\":[{\"@type\":\"Article\",\"@id\":\"https:\/\/misot.pl\/stary\/w-janowie-mamy-komplet-zapraszamy-do-kolobrzegu\/#article\",\"isPartOf\":{\"@id\":\"https:\/\/misot.pl\/stary\/w-janowie-mamy-komplet-zapraszamy-do-kolobrzegu\/\"},\"author\":{\"name\":\"Marcin Jedynak\",\"@id\":\"https:\/\/misot.pl\/stary\/#\/schema\/person\/c8252a91561fdcc2bb341d698ee3cf8b\"},\"headline\":\"W Janowie mamy komplet, zapraszamy do Ko\u0142obrzegu\",\"datePublished\":\"2022-04-02T17:11:28+00:00\",\"mainEntityOfPage\":{\"@id\":\"https:\/\/misot.pl\/stary\/w-janowie-mamy-komplet-zapraszamy-do-kolobrzegu\/\"},\"wordCount\":245,\"commentCount\":0,\"publisher\":{\"@id\":\"https:\/\/misot.pl\/stary\/#organization\"},\"image\":{\"@id\":\"https:\/\/misot.pl\/stary\/w-janowie-mamy-komplet-zapraszamy-do-kolobrzegu\/#primaryimage\"},\"thumbnailUrl\":\"https:\/\/misot.pl\/stary\/wp-content\/uploads\/2022\/04\/seo-3.jpg\",\"keywords\":[\"2022\",\"Mi\u015aOT\",\"wsch\u00f3d\",\"Zjazd\"],\"articleSection\":[\"Aktualno\u015bci\"],\"inLanguage\":\"pl-PL\",\"potentialAction\":[{\"@type\":\"CommentAction\",\"name\":\"Comment\",\"target\":[\"https:\/\/misot.pl\/stary\/w-janowie-mamy-komplet-zapraszamy-do-kolobrzegu\/#respond\"]}]},{\"@type\":\"WebPage\",\"@id\":\"https:\/\/misot.pl\/stary\/w-janowie-mamy-komplet-zapraszamy-do-kolobrzegu\/\",\"url\":\"https:\/\/misot.pl\/stary\/w-janowie-mamy-komplet-zapraszamy-do-kolobrzegu\/\",\"name\":\"W Janowie mamy komplet, zapraszamy do Ko\u0142obrzegu - Mi\u015aOT\",\"isPartOf\":{\"@id\":\"https:\/\/misot.pl\/stary\/#website\"},\"primaryImageOfPage\":{\"@id\":\"https:\/\/misot.pl\/stary\/w-janowie-mamy-komplet-zapraszamy-do-kolobrzegu\/#primaryimage\"},\"image\":{\"@id\":\"https:\/\/misot.pl\/stary\/w-janowie-mamy-komplet-zapraszamy-do-kolobrzegu\/#primaryimage\"},\"thumbnailUrl\":\"https:\/\/misot.pl\/stary\/wp-content\/uploads\/2022\/04\/seo-3.jpg\",\"datePublished\":\"2022-04-02T17:11:28+00:00\",\"breadcrumb\":{\"@id\":\"https:\/\/misot.pl\/stary\/w-janowie-mamy-komplet-zapraszamy-do-kolobrzegu\/#breadcrumb\"},\"inLanguage\":\"pl-PL\",\"potentialAction\":[{\"@type\":\"ReadAction\",\"target\":[\"https:\/\/misot.pl\/stary\/w-janowie-mamy-komplet-zapraszamy-do-kolobrzegu\/\"]}]},{\"@type\":\"ImageObject\",\"inLanguage\":\"pl-PL\",\"@id\":\"https:\/\/misot.pl\/stary\/w-janowie-mamy-komplet-zapraszamy-do-kolobrzegu\/#primaryimage\",\"url\":\"https:\/\/misot.pl\/stary\/wp-content\/uploads\/2022\/04\/seo-3.jpg\",\"contentUrl\":\"https:\/\/misot.pl\/stary\/wp-content\/uploads\/2022\/04\/seo-3.jpg\",\"width\":680,\"height\":355},{\"@type\":\"BreadcrumbList\",\"@id\":\"https:\/\/misot.pl\/stary\/w-janowie-mamy-komplet-zapraszamy-do-kolobrzegu\/#breadcrumb\",\"itemListElement\":[{\"@type\":\"ListItem\",\"position\":1,\"name\":\"Strona g\u0142\u00f3wna\",\"item\":\"https:\/\/misot.pl\/stary\/\"},{\"@type\":\"ListItem\",\"position\":2,\"name\":\"W Janowie mamy komplet, zapraszamy do Ko\u0142obrzegu\"}]},{\"@type\":\"WebSite\",\"@id\":\"https:\/\/misot.pl\/stary\/#website\",\"url\":\"https:\/\/misot.pl\/stary\/\",\"name\":\"Mi\u015aOT\",\"description\":\"\u0141\u0105czymy lokalnie\",\"publisher\":{\"@id\":\"https:\/\/misot.pl\/stary\/#organization\"},\"potentialAction\":[{\"@type\":\"SearchAction\",\"target\":{\"@type\":\"EntryPoint\",\"urlTemplate\":\"https:\/\/misot.pl\/stary\/?s={search_term_string}\"},\"query-input\":{\"@type\":\"PropertyValueSpecification\",\"valueRequired\":true,\"valueName\":\"search_term_string\"}}],\"inLanguage\":\"pl-PL\"},{\"@type\":\"Organization\",\"@id\":\"https:\/\/misot.pl\/stary\/#organization\",\"name\":\"Mi\u015aOT\",\"url\":\"https:\/\/misot.pl\/stary\/\",\"logo\":{\"@type\":\"ImageObject\",\"inLanguage\":\"pl-PL\",\"@id\":\"https:\/\/misot.pl\/stary\/#\/schema\/logo\/image\/\",\"url\":\"https:\/\/misot.pl\/wp-content\/uploads\/2026\/01\/grupa-misot-tla-jasne.png\",\"contentUrl\":\"https:\/\/misot.pl\/wp-content\/uploads\/2026\/01\/grupa-misot-tla-jasne.png\",\"width\":1320,\"height\":743,\"caption\":\"Mi\u015aOT\"},\"image\":{\"@id\":\"https:\/\/misot.pl\/stary\/#\/schema\/logo\/image\/\"},\"sameAs\":[\"https:\/\/www.facebook.com\/MiSOTpl\",\"https:\/\/www.youtube.com\/channel\/UCCjxl2ju4z8-aQLY4cErc0w\",\"https:\/\/www.linkedin.com\/company\/grupa-miot\/\"]},{\"@type\":\"Person\",\"@id\":\"https:\/\/misot.pl\/stary\/#\/schema\/person\/c8252a91561fdcc2bb341d698ee3cf8b\",\"name\":\"Marcin Jedynak\",\"image\":{\"@type\":\"ImageObject\",\"inLanguage\":\"pl-PL\",\"@id\":\"https:\/\/misot.pl\/stary\/#\/schema\/person\/image\/\",\"url\":\"https:\/\/secure.gravatar.com\/avatar\/b150ec1521bf70ce2c0ae52a574ab13dbadd2cd95d5b5563039e5c50235d024a?s=96&d=mm&r=g\",\"contentUrl\":\"https:\/\/secure.gravatar.com\/avatar\/b150ec1521bf70ce2c0ae52a574ab13dbadd2cd95d5b5563039e5c50235d024a?s=96&d=mm&r=g\",\"caption\":\"Marcin Jedynak\"},\"url\":\"https:\/\/misot.pl\/stary\/author\/marcin\/\"}]}<\/script>\n<!-- \/ Yoast SEO plugin. -->","yoast_head_json":{"title":"W Janowie mamy komplet, zapraszamy do Ko\u0142obrzegu - Mi\u015aOT","robots":{"index":"index","follow":"follow","max-snippet":"max-snippet:-1","max-image-preview":"max-image-preview:large","max-video-preview":"max-video-preview:-1"},"canonical":"https:\/\/misot.pl\/stary\/w-janowie-mamy-komplet-zapraszamy-do-kolobrzegu\/","og_locale":"pl_PL","og_type":"article","og_title":"W Janowie mamy komplet, zapraszamy do Ko\u0142obrzegu - Mi\u015aOT","og_description":"Wyprzeda\u0142y si\u0119 wszystkie wej\u015bci\u00f3wki na drugi Lokalny Zjazd Mi\u015aOT w Janowie Podlaskim (28 &#8211; 29 kwietnia). Zapraszamy ch\u0119tnych na trzeci\u0105 edycj\u0119 wydarzenia, kt\u00f3ra odb\u0119dzie si\u0119 14 &#8211; 15 czerwca w Ko\u0142obrzegu. Mi\u015aOT-y z EPID-em do po\u0142owy kwietnia mog\u0105 korzysta\u0107 z najlepszych cen. Z ko\u0144cem marca zako\u0144czy\u0142a si\u0119 rejestracja na zjazd w Janowie Podlaskim. Sprzedali\u015bmy wszystkie [&hellip;]","og_url":"https:\/\/misot.pl\/stary\/w-janowie-mamy-komplet-zapraszamy-do-kolobrzegu\/","og_site_name":"Mi\u015aOT","article_publisher":"https:\/\/www.facebook.com\/MiSOTpl","article_published_time":"2022-04-02T17:11:28+00:00","og_image":[{"width":680,"height":355,"url":"https:\/\/misot.pl\/stary\/wp-content\/uploads\/2022\/04\/seo-3.jpg","type":"image\/jpeg"}],"author":"Marcin Jedynak","twitter_card":"summary_large_image","twitter_misc":{"Napisane przez":"Marcin Jedynak","Szacowany czas czytania":"1 minuta"},"schema":{"@context":"https:\/\/schema.org","@graph":[{"@type":"Article","@id":"https:\/\/misot.pl\/stary\/w-janowie-mamy-komplet-zapraszamy-do-kolobrzegu\/#article","isPartOf":{"@id":"https:\/\/misot.pl\/stary\/w-janowie-mamy-komplet-zapraszamy-do-kolobrzegu\/"},"author":{"name":"Marcin Jedynak","@id":"https:\/\/misot.pl\/stary\/#\/schema\/person\/c8252a91561fdcc2bb341d698ee3cf8b"},"headline":"W Janowie mamy komplet, zapraszamy do Ko\u0142obrzegu","datePublished":"2022-04-02T17:11:28+00:00","mainEntityOfPage":{"@id":"https:\/\/misot.pl\/stary\/w-janowie-mamy-komplet-zapraszamy-do-kolobrzegu\/"},"wordCount":245,"commentCount":0,"publisher":{"@id":"https:\/\/misot.pl\/stary\/#organization"},"image":{"@id":"https:\/\/misot.pl\/stary\/w-janowie-mamy-komplet-zapraszamy-do-kolobrzegu\/#primaryimage"},"thumbnailUrl":"https:\/\/misot.pl\/stary\/wp-content\/uploads\/2022\/04\/seo-3.jpg","keywords":["2022","Mi\u015aOT","wsch\u00f3d","Zjazd"],"articleSection":["Aktualno\u015bci"],"inLanguage":"pl-PL","potentialAction":[{"@type":"CommentAction","name":"Comment","target":["https:\/\/misot.pl\/stary\/w-janowie-mamy-komplet-zapraszamy-do-kolobrzegu\/#respond"]}]},{"@type":"WebPage","@id":"https:\/\/misot.pl\/stary\/w-janowie-mamy-komplet-zapraszamy-do-kolobrzegu\/","url":"https:\/\/misot.pl\/stary\/w-janowie-mamy-komplet-zapraszamy-do-kolobrzegu\/","name":"W Janowie mamy komplet, zapraszamy do Ko\u0142obrzegu - Mi\u015aOT","isPartOf":{"@id":"https:\/\/misot.pl\/stary\/#website"},"primaryImageOfPage":{"@id":"https:\/\/misot.pl\/stary\/w-janowie-mamy-komplet-zapraszamy-do-kolobrzegu\/#primaryimage"},"image":{"@id":"https:\/\/misot.pl\/stary\/w-janowie-mamy-komplet-zapraszamy-do-kolobrzegu\/#primaryimage"},"thumbnailUrl":"https:\/\/misot.pl\/stary\/wp-content\/uploads\/2022\/04\/seo-3.jpg","datePublished":"2022-04-02T17:11:28+00:00","breadcrumb":{"@id":"https:\/\/misot.pl\/stary\/w-janowie-mamy-komplet-zapraszamy-do-kolobrzegu\/#breadcrumb"},"inLanguage":"pl-PL","potentialAction":[{"@type":"ReadAction","target":["https:\/\/misot.pl\/stary\/w-janowie-mamy-komplet-zapraszamy-do-kolobrzegu\/"]}]},{"@type":"ImageObject","inLanguage":"pl-PL","@id":"https:\/\/misot.pl\/stary\/w-janowie-mamy-komplet-zapraszamy-do-kolobrzegu\/#primaryimage","url":"https:\/\/misot.pl\/stary\/wp-content\/uploads\/2022\/04\/seo-3.jpg","contentUrl":"https:\/\/misot.pl\/stary\/wp-content\/uploads\/2022\/04\/seo-3.jpg","width":680,"height":355},{"@type":"BreadcrumbList","@id":"https:\/\/misot.pl\/stary\/w-janowie-mamy-komplet-zapraszamy-do-kolobrzegu\/#breadcrumb","itemListElement":[{"@type":"ListItem","position":1,"name":"Strona g\u0142\u00f3wna","item":"https:\/\/misot.pl\/stary\/"},{"@type":"ListItem","position":2,"name":"W Janowie mamy komplet, zapraszamy do Ko\u0142obrzegu"}]},{"@type":"WebSite","@id":"https:\/\/misot.pl\/stary\/#website","url":"https:\/\/misot.pl\/stary\/","name":"Mi\u015aOT","description":"\u0141\u0105czymy lokalnie","publisher":{"@id":"https:\/\/misot.pl\/stary\/#organization"},"potentialAction":[{"@type":"SearchAction","target":{"@type":"EntryPoint","urlTemplate":"https:\/\/misot.pl\/stary\/?s={search_term_string}"},"query-input":{"@type":"PropertyValueSpecification","valueRequired":true,"valueName":"search_term_string"}}],"inLanguage":"pl-PL"},{"@type":"Organization","@id":"https:\/\/misot.pl\/stary\/#organization","name":"Mi\u015aOT","url":"https:\/\/misot.pl\/stary\/","logo":{"@type":"ImageObject","inLanguage":"pl-PL","@id":"https:\/\/misot.pl\/stary\/#\/schema\/logo\/image\/","url":"https:\/\/misot.pl\/wp-content\/uploads\/2026\/01\/grupa-misot-tla-jasne.png","contentUrl":"https:\/\/misot.pl\/wp-content\/uploads\/2026\/01\/grupa-misot-tla-jasne.png","width":1320,"height":743,"caption":"Mi\u015aOT"},"image":{"@id":"https:\/\/misot.pl\/stary\/#\/schema\/logo\/image\/"},"sameAs":["https:\/\/www.facebook.com\/MiSOTpl","https:\/\/www.youtube.com\/channel\/UCCjxl2ju4z8-aQLY4cErc0w","https:\/\/www.linkedin.com\/company\/grupa-miot\/"]},{"@type":"Person","@id":"https:\/\/misot.pl\/stary\/#\/schema\/person\/c8252a91561fdcc2bb341d698ee3cf8b","name":"Marcin Jedynak","image":{"@type":"ImageObject","inLanguage":"pl-PL","@id":"https:\/\/misot.pl\/stary\/#\/schema\/person\/image\/","url":"https:\/\/secure.gravatar.com\/avatar\/b150ec1521bf70ce2c0ae52a574ab13dbadd2cd95d5b5563039e5c50235d024a?s=96&d=mm&r=g","contentUrl":"https:\/\/secure.gravatar.com\/avatar\/b150ec1521bf70ce2c0ae52a574ab13dbadd2cd95d5b5563039e5c50235d024a?s=96&d=mm&r=g","caption":"Marcin Jedynak"},"url":"https:\/\/misot.pl\/stary\/author\/marcin\/"}]}},"_links":{"self":[{"href":"https:\/\/misot.pl\/stary\/wp-json\/wp\/v2\/posts\/12657","targetHints":{"allow":["GET"]}}],"collection":[{"href":"https:\/\/misot.pl\/stary\/wp-json\/wp\/v2\/posts"}],"about":[{"href":"https:\/\/misot.pl\/stary\/wp-json\/wp\/v2\/types\/post"}],"author":[{"embeddable":true,"href":"https:\/\/misot.pl\/stary\/wp-json\/wp\/v2\/users\/5"}],"replies":[{"embeddable":true,"href":"https:\/\/misot.pl\/stary\/wp-json\/wp\/v2\/comments?post=12657"}],"version-history":[{"count":1,"href":"https:\/\/misot.pl\/stary\/wp-json\/wp\/v2\/posts\/12657\/revisions"}],"predecessor-version":[{"id":12658,"href":"https:\/\/misot.pl\/stary\/wp-json\/wp\/v2\/posts\/12657\/revisions\/12658"}],"wp:featuredmedia":[{"embeddable":true,"href":"https:\/\/misot.pl\/stary\/wp-json\/wp\/v2\/media\/12582"}],"wp:attachment":[{"href":"https:\/\/misot.pl\/stary\/wp-json\/wp\/v2\/media?parent=12657"}],"wp:term":[{"taxonomy":"category","embeddable":true,"href":"https:\/\/misot.pl\/stary\/wp-json\/wp\/v2\/categories?post=12657"},{"taxonomy":"post_tag","embeddable":true,"href":"https:\/\/misot.pl\/stary\/wp-json\/wp\/v2\/tags?post=12657"}],"curies":[{"name":"wp","href":"https:\/\/api.w.org\/{rel}","templated":true}]}}